{"id":10542,"date":"2023-07-03T10:04:38","date_gmt":"2023-07-03T08:04:38","guid":{"rendered":"https:\/\/quartiers1060.brussels\/?p=10542"},"modified":"2023-07-03T10:04:39","modified_gmt":"2023-07-03T08:04:39","slug":"marie-jansonplein-is-open","status":"publish","type":"post","link":"https:\/\/quartiers1060.brussels\/nl\/marie-jansonplein-is-open\/","title":{"rendered":"Marie Jansonplein is open!"},"content":{"rendered":"\n<p>Op zaterdag 1 juli werd het Marie Jansonplein teruggegeven aan de inwoners van Sint-Gillis. <\/p>\n\n\n\n<p>Bedankt aan iedereen die de inhuldiging kwam vieren en deelnam aan de verschillende activiteiten.<\/p>\n\n\n\n<p>Met dank ook aan de architecten <a href=\"https:\/\/www.studiopaolavigano.eu\/\" target=\"_blank\" rel=\"noreferrer noopener\">Studio Paola Vigano<\/a>, <a href=\"https:\/\/vvvarchitectes.be\/\" target=\"_blank\" rel=\"noreferrer noopener\">VVV<\/a>, <a href=\"https:\/\/atelierruimtelijkadvies.be\/\" target=\"_blank\" rel=\"noreferrer noopener\">ARA<\/a> en <a href=\"http:\/\/www.basbvba.be\/\" target=\"_blank\" rel=\"noreferrer noopener\">BAS<\/a>, en aan het bedrijf <a href=\"https:\/\/www.colas.be\/nl\" target=\"_blank\" rel=\"noreferrer noopener\">Colas<\/a>.<\/p>\n\n\n\n<div style=\"height:20px\" aria-hidden=\"true\" class=\"wp-block-spacer\"><\/div>\n\n\n\n<p><strong>Het Marie Jansonplein in foto&#8217;s\u2026<\/strong><\/p>\n\n\n\n<figure class=\"wp-block-gallery has-nested-images columns-default is-cropped wp-block-gallery-1 is-layout-flex wp-block-gallery-is-layout-flex\">\n<figure class=\"wp-block-image size-large is-style-default\"><a href=\"https:\/\/quartiers1060.brussels\/wp-content\/uploads\/2023\/07\/ST-GILLES-Inauguration-PLACE-Marie-Janson-135-07012023.jpg\"><img fetchpriority=\"high\" decoding=\"async\" width=\"1024\" height=\"683\" data-id=\"10484\" src=\"https:\/\/quartiers1060.brussels\/wp-content\/uploads\/2023\/07\/ST-GILLES-Inauguration-PLACE-Marie-Janson-135-07012023-1024x683.jpg\" alt=\"\" class=\"wp-image-10484\" srcset=\"https:\/\/quartiers1060.brussels\/wp-content\/uploads\/2023\/07\/ST-GILLES-Inauguration-PLACE-Marie-Janson-135-07012023-1024x683.jpg 1024w, https:\/\/quartiers1060.brussels\/wp-content\/uploads\/2023\/07\/ST-GILLES-Inauguration-PLACE-Marie-Janson-135-07012023-300x200.jpg 300w, https:\/\/quartiers1060.brussels\/wp-content\/uploads\/2023\/07\/ST-GILLES-Inauguration-PLACE-Marie-Janson-135-07012023-768x513.jpg 768w, https:\/\/quartiers1060.brussels\/wp-content\/uploads\/2023\/07\/ST-GILLES-Inauguration-PLACE-Marie-Janson-135-07012023-1536x1025.jpg 1536w, https:\/\/quartiers1060.brussels\/wp-content\/uploads\/2023\/07\/ST-GILLES-Inauguration-PLACE-Marie-Janson-135-07012023-1568x1046.jpg 1568w, https:\/\/quartiers1060.brussels\/wp-content\/uploads\/2023\/07\/ST-GILLES-Inauguration-PLACE-Marie-Janson-135-07012023-1320x881.jpg 1320w, https:\/\/quartiers1060.brussels\/wp-content\/uploads\/2023\/07\/ST-GILLES-Inauguration-PLACE-Marie-Janson-135-07012023.jpg 1798w\" sizes=\"(max-width: 1024px) 100vw, 1024px\" \/><\/a><\/figure>\n\n\n\n<figure class=\"wp-block-image size-large is-style-default\"><a href=\"https:\/\/quartiers1060.brussels\/wp-content\/uploads\/2023\/07\/ST-GILLES-Inauguration-PLACE-Marie-Janson-022-07012023.jpg\"><img decoding=\"async\" width=\"1024\" height=\"683\" data-id=\"10450\" src=\"https:\/\/quartiers1060.brussels\/wp-content\/uploads\/2023\/07\/ST-GILLES-Inauguration-PLACE-Marie-Janson-022-07012023-1024x683.jpg\" alt=\"\" class=\"wp-image-10450\" srcset=\"https:\/\/quartiers1060.brussels\/wp-content\/uploads\/2023\/07\/ST-GILLES-Inauguration-PLACE-Marie-Janson-022-07012023-1024x683.jpg 1024w, https:\/\/quartiers1060.brussels\/wp-content\/uploads\/2023\/07\/ST-GILLES-Inauguration-PLACE-Marie-Janson-022-07012023-300x200.jpg 300w, https:\/\/quartiers1060.brussels\/wp-content\/uploads\/2023\/07\/ST-GILLES-Inauguration-PLACE-Marie-Janson-022-07012023-768x513.jpg 768w, https:\/\/quartiers1060.brussels\/wp-content\/uploads\/2023\/07\/ST-GILLES-Inauguration-PLACE-Marie-Janson-022-07012023-1536x1025.jpg 1536w, https:\/\/quartiers1060.brussels\/wp-content\/uploads\/2023\/07\/ST-GILLES-Inauguration-PLACE-Marie-Janson-022-07012023-1568x1046.jpg 1568w, https:\/\/quartiers1060.brussels\/wp-content\/uploads\/2023\/07\/ST-GILLES-Inauguration-PLACE-Marie-Janson-022-07012023-1320x881.jpg 1320w, https:\/\/quartiers1060.brussels\/wp-content\/uploads\/2023\/07\/ST-GILLES-Inauguration-PLACE-Marie-Janson-022-07012023.jpg 1798w\" sizes=\"(max-width: 1024px) 100vw, 1024px\" \/><\/a><figcaption class=\"wp-element-caption\">Remorquable asbl<\/figcaption><\/figure>\n\n\n\n<figure class=\"wp-block-image size-large is-style-default\"><a href=\"https:\/\/quartiers1060.brussels\/wp-content\/uploads\/2023\/07\/ST-GILLES-Inauguration-PLACE-Marie-Janson-030-07012023.jpg\"><img decoding=\"async\" width=\"1024\" height=\"683\" data-id=\"10452\" src=\"https:\/\/quartiers1060.brussels\/wp-content\/uploads\/2023\/07\/ST-GILLES-Inauguration-PLACE-Marie-Janson-030-07012023-1024x683.jpg\" alt=\"\" class=\"wp-image-10452\" srcset=\"https:\/\/quartiers1060.brussels\/wp-content\/uploads\/2023\/07\/ST-GILLES-Inauguration-PLACE-Marie-Janson-030-07012023-1024x683.jpg 1024w, https:\/\/quartiers1060.brussels\/wp-content\/uploads\/2023\/07\/ST-GILLES-Inauguration-PLACE-Marie-Janson-030-07012023-300x200.jpg 300w, https:\/\/quartiers1060.brussels\/wp-content\/uploads\/2023\/07\/ST-GILLES-Inauguration-PLACE-Marie-Janson-030-07012023-768x513.jpg 768w, https:\/\/quartiers1060.brussels\/wp-content\/uploads\/2023\/07\/ST-GILLES-Inauguration-PLACE-Marie-Janson-030-07012023-1536x1025.jpg 1536w, https:\/\/quartiers1060.brussels\/wp-content\/uploads\/2023\/07\/ST-GILLES-Inauguration-PLACE-Marie-Janson-030-07012023-1568x1046.jpg 1568w, https:\/\/quartiers1060.brussels\/wp-content\/uploads\/2023\/07\/ST-GILLES-Inauguration-PLACE-Marie-Janson-030-07012023-1320x881.jpg 1320w, https:\/\/quartiers1060.brussels\/wp-content\/uploads\/2023\/07\/ST-GILLES-Inauguration-PLACE-Marie-Janson-030-07012023.jpg 1798w\" sizes=\"(max-width: 1024px) 100vw, 1024px\" \/><\/a><\/figure>\n\n\n\n<figure class=\"wp-block-image size-large is-style-default\"><a href=\"https:\/\/quartiers1060.brussels\/wp-content\/uploads\/2023\/07\/ST-GILLES-Inauguration-PLACE-Marie-Janson-032-07012023.jpg\"><img loading=\"lazy\" decoding=\"async\" width=\"1024\" height=\"683\" data-id=\"10454\" src=\"https:\/\/quartiers1060.brussels\/wp-content\/uploads\/2023\/07\/ST-GILLES-Inauguration-PLACE-Marie-Janson-032-07012023-1024x683.jpg\" alt=\"\" class=\"wp-image-10454\" srcset=\"https:\/\/quartiers1060.brussels\/wp-content\/uploads\/2023\/07\/ST-GILLES-Inauguration-PLACE-Marie-Janson-032-07012023-1024x683.jpg 1024w, https:\/\/quartiers1060.brussels\/wp-content\/uploads\/2023\/07\/ST-GILLES-Inauguration-PLACE-Marie-Janson-032-07012023-300x200.jpg 300w, https:\/\/quartiers1060.brussels\/wp-content\/uploads\/2023\/07\/ST-GILLES-Inauguration-PLACE-Marie-Janson-032-07012023-768x513.jpg 768w, https:\/\/quartiers1060.brussels\/wp-content\/uploads\/2023\/07\/ST-GILLES-Inauguration-PLACE-Marie-Janson-032-07012023-1536x1025.jpg 1536w, https:\/\/quartiers1060.brussels\/wp-content\/uploads\/2023\/07\/ST-GILLES-Inauguration-PLACE-Marie-Janson-032-07012023-1568x1046.jpg 1568w, https:\/\/quartiers1060.brussels\/wp-content\/uploads\/2023\/07\/ST-GILLES-Inauguration-PLACE-Marie-Janson-032-07012023-1320x881.jpg 1320w, https:\/\/quartiers1060.brussels\/wp-content\/uploads\/2023\/07\/ST-GILLES-Inauguration-PLACE-Marie-Janson-032-07012023.jpg 1798w\" sizes=\"(max-width: 1024px) 100vw, 1024px\" \/><\/a><\/figure>\n\n\n\n<figure class=\"wp-block-image size-large is-style-default\"><a href=\"https:\/\/quartiers1060.brussels\/wp-content\/uploads\/2023\/07\/ST-GILLES-Inauguration-PLACE-Marie-Janson-137-07012023.jpg\"><img loading=\"lazy\" decoding=\"async\" width=\"1024\" height=\"683\" data-id=\"10486\" src=\"https:\/\/quartiers1060.brussels\/wp-content\/uploads\/2023\/07\/ST-GILLES-Inauguration-PLACE-Marie-Janson-137-07012023-1024x683.jpg\" alt=\"\" class=\"wp-image-10486\" srcset=\"https:\/\/quartiers1060.brussels\/wp-content\/uploads\/2023\/07\/ST-GILLES-Inauguration-PLACE-Marie-Janson-137-07012023-1024x683.jpg 1024w, https:\/\/quartiers1060.brussels\/wp-content\/uploads\/2023\/07\/ST-GILLES-Inauguration-PLACE-Marie-Janson-137-07012023-300x200.jpg 300w, https:\/\/quartiers1060.brussels\/wp-content\/uploads\/2023\/07\/ST-GILLES-Inauguration-PLACE-Marie-Janson-137-07012023-768x513.jpg 768w, https:\/\/quartiers1060.brussels\/wp-content\/uploads\/2023\/07\/ST-GILLES-Inauguration-PLACE-Marie-Janson-137-07012023-1536x1025.jpg 1536w, https:\/\/quartiers1060.brussels\/wp-content\/uploads\/2023\/07\/ST-GILLES-Inauguration-PLACE-Marie-Janson-137-07012023-1568x1046.jpg 1568w, https:\/\/quartiers1060.brussels\/wp-content\/uploads\/2023\/07\/ST-GILLES-Inauguration-PLACE-Marie-Janson-137-07012023-1320x881.jpg 1320w, https:\/\/quartiers1060.brussels\/wp-content\/uploads\/2023\/07\/ST-GILLES-Inauguration-PLACE-Marie-Janson-137-07012023.jpg 1798w\" sizes=\"(max-width: 1024px) 100vw, 1024px\" \/><\/a><\/figure>\n\n\n\n<figure class=\"wp-block-image size-large is-style-default\"><a href=\"https:\/\/quartiers1060.brussels\/wp-content\/uploads\/2023\/07\/ST-GILLES-Inauguration-PLACE-Marie-Janson-119-07012023.jpg\"><img loading=\"lazy\" decoding=\"async\" width=\"683\" height=\"1024\" data-id=\"10480\" src=\"https:\/\/quartiers1060.brussels\/wp-content\/uploads\/2023\/07\/ST-GILLES-Inauguration-PLACE-Marie-Janson-119-07012023-683x1024.jpg\" alt=\"\" class=\"wp-image-10480\" srcset=\"https:\/\/quartiers1060.brussels\/wp-content\/uploads\/2023\/07\/ST-GILLES-Inauguration-PLACE-Marie-Janson-119-07012023-683x1024.jpg 683w, https:\/\/quartiers1060.brussels\/wp-content\/uploads\/2023\/07\/ST-GILLES-Inauguration-PLACE-Marie-Janson-119-07012023-200x300.jpg 200w, https:\/\/quartiers1060.brussels\/wp-content\/uploads\/2023\/07\/ST-GILLES-Inauguration-PLACE-Marie-Janson-119-07012023-768x1151.jpg 768w, https:\/\/quartiers1060.brussels\/wp-content\/uploads\/2023\/07\/ST-GILLES-Inauguration-PLACE-Marie-Janson-119-07012023-1025x1536.jpg 1025w, https:\/\/quartiers1060.brussels\/wp-content\/uploads\/2023\/07\/ST-GILLES-Inauguration-PLACE-Marie-Janson-119-07012023.jpg 1200w\" sizes=\"(max-width: 683px) 100vw, 683px\" \/><\/a><\/figure>\n\n\n\n<figure class=\"wp-block-image size-large is-style-default\"><a href=\"https:\/\/quartiers1060.brussels\/wp-content\/uploads\/2023\/07\/ST-GILLES-Inauguration-PLACE-Marie-Janson-115-07012023.jpg\"><img loading=\"lazy\" decoding=\"async\" width=\"1024\" height=\"683\" data-id=\"10478\" src=\"https:\/\/quartiers1060.brussels\/wp-content\/uploads\/2023\/07\/ST-GILLES-Inauguration-PLACE-Marie-Janson-115-07012023-1024x683.jpg\" alt=\"\" class=\"wp-image-10478\" srcset=\"https:\/\/quartiers1060.brussels\/wp-content\/uploads\/2023\/07\/ST-GILLES-Inauguration-PLACE-Marie-Janson-115-07012023-1024x683.jpg 1024w, https:\/\/quartiers1060.brussels\/wp-content\/uploads\/2023\/07\/ST-GILLES-Inauguration-PLACE-Marie-Janson-115-07012023-300x200.jpg 300w, https:\/\/quartiers1060.brussels\/wp-content\/uploads\/2023\/07\/ST-GILLES-Inauguration-PLACE-Marie-Janson-115-07012023-768x513.jpg 768w, https:\/\/quartiers1060.brussels\/wp-content\/uploads\/2023\/07\/ST-GILLES-Inauguration-PLACE-Marie-Janson-115-07012023-1536x1025.jpg 1536w, https:\/\/quartiers1060.brussels\/wp-content\/uploads\/2023\/07\/ST-GILLES-Inauguration-PLACE-Marie-Janson-115-07012023-1568x1046.jpg 1568w, https:\/\/quartiers1060.brussels\/wp-content\/uploads\/2023\/07\/ST-GILLES-Inauguration-PLACE-Marie-Janson-115-07012023-1320x881.jpg 1320w, https:\/\/quartiers1060.brussels\/wp-content\/uploads\/2023\/07\/ST-GILLES-Inauguration-PLACE-Marie-Janson-115-07012023.jpg 1798w\" sizes=\"(max-width: 1024px) 100vw, 1024px\" \/><\/a><\/figure>\n\n\n\n<figure class=\"wp-block-image size-large is-style-default\"><a href=\"https:\/\/quartiers1060.brussels\/wp-content\/uploads\/2023\/07\/ST-GILLES-Inauguration-PLACE-Marie-Janson-111-07012023.jpg\"><img loading=\"lazy\" decoding=\"async\" width=\"1024\" height=\"683\" data-id=\"10476\" src=\"https:\/\/quartiers1060.brussels\/wp-content\/uploads\/2023\/07\/ST-GILLES-Inauguration-PLACE-Marie-Janson-111-07012023-1024x683.jpg\" alt=\"\" class=\"wp-image-10476\" srcset=\"https:\/\/quartiers1060.brussels\/wp-content\/uploads\/2023\/07\/ST-GILLES-Inauguration-PLACE-Marie-Janson-111-07012023-1024x683.jpg 1024w, https:\/\/quartiers1060.brussels\/wp-content\/uploads\/2023\/07\/ST-GILLES-Inauguration-PLACE-Marie-Janson-111-07012023-300x200.jpg 300w, https:\/\/quartiers1060.brussels\/wp-content\/uploads\/2023\/07\/ST-GILLES-Inauguration-PLACE-Marie-Janson-111-07012023-768x513.jpg 768w, https:\/\/quartiers1060.brussels\/wp-content\/uploads\/2023\/07\/ST-GILLES-Inauguration-PLACE-Marie-Janson-111-07012023-1536x1025.jpg 1536w, https:\/\/quartiers1060.brussels\/wp-content\/uploads\/2023\/07\/ST-GILLES-Inauguration-PLACE-Marie-Janson-111-07012023-1568x1046.jpg 1568w, https:\/\/quartiers1060.brussels\/wp-content\/uploads\/2023\/07\/ST-GILLES-Inauguration-PLACE-Marie-Janson-111-07012023-1320x881.jpg 1320w, https:\/\/quartiers1060.brussels\/wp-content\/uploads\/2023\/07\/ST-GILLES-Inauguration-PLACE-Marie-Janson-111-07012023.jpg 1798w\" sizes=\"(max-width: 1024px) 100vw, 1024px\" \/><\/a><figcaption class=\"wp-element-caption\">Remorquable asbl<\/figcaption><\/figure>\n\n\n\n<figure class=\"wp-block-image size-large is-style-default\"><a href=\"https:\/\/quartiers1060.brussels\/wp-content\/uploads\/2023\/07\/ST-GILLES-Inauguration-PLACE-Marie-Janson-106-07012023.jpg\"><img loading=\"lazy\" decoding=\"async\" width=\"1024\" height=\"683\" data-id=\"10474\" src=\"https:\/\/quartiers1060.brussels\/wp-content\/uploads\/2023\/07\/ST-GILLES-Inauguration-PLACE-Marie-Janson-106-07012023-1024x683.jpg\" alt=\"\" class=\"wp-image-10474\" srcset=\"https:\/\/quartiers1060.brussels\/wp-content\/uploads\/2023\/07\/ST-GILLES-Inauguration-PLACE-Marie-Janson-106-07012023-1024x683.jpg 1024w, https:\/\/quartiers1060.brussels\/wp-content\/uploads\/2023\/07\/ST-GILLES-Inauguration-PLACE-Marie-Janson-106-07012023-300x200.jpg 300w, https:\/\/quartiers1060.brussels\/wp-content\/uploads\/2023\/07\/ST-GILLES-Inauguration-PLACE-Marie-Janson-106-07012023-768x513.jpg 768w, https:\/\/quartiers1060.brussels\/wp-content\/uploads\/2023\/07\/ST-GILLES-Inauguration-PLACE-Marie-Janson-106-07012023-1536x1025.jpg 1536w, https:\/\/quartiers1060.brussels\/wp-content\/uploads\/2023\/07\/ST-GILLES-Inauguration-PLACE-Marie-Janson-106-07012023-1568x1046.jpg 1568w, https:\/\/quartiers1060.brussels\/wp-content\/uploads\/2023\/07\/ST-GILLES-Inauguration-PLACE-Marie-Janson-106-07012023-1320x881.jpg 1320w, https:\/\/quartiers1060.brussels\/wp-content\/uploads\/2023\/07\/ST-GILLES-Inauguration-PLACE-Marie-Janson-106-07012023.jpg 1798w\" sizes=\"(max-width: 1024px) 100vw, 1024px\" \/><\/a><figcaption class=\"wp-element-caption\">Saint-Gilles Sport<\/figcaption><\/figure>\n\n\n\n<figure class=\"wp-block-image size-large is-style-default\"><a href=\"https:\/\/quartiers1060.brussels\/wp-content\/uploads\/2023\/07\/ST-GILLES-Inauguration-PLACE-Marie-Janson-047-07012023.jpg\"><img loading=\"lazy\" decoding=\"async\" width=\"1024\" height=\"683\" data-id=\"10460\" src=\"https:\/\/quartiers1060.brussels\/wp-content\/uploads\/2023\/07\/ST-GILLES-Inauguration-PLACE-Marie-Janson-047-07012023-1024x683.jpg\" alt=\"\" class=\"wp-image-10460\" srcset=\"https:\/\/quartiers1060.brussels\/wp-content\/uploads\/2023\/07\/ST-GILLES-Inauguration-PLACE-Marie-Janson-047-07012023-1024x683.jpg 1024w, https:\/\/quartiers1060.brussels\/wp-content\/uploads\/2023\/07\/ST-GILLES-Inauguration-PLACE-Marie-Janson-047-07012023-300x200.jpg 300w, https:\/\/quartiers1060.brussels\/wp-content\/uploads\/2023\/07\/ST-GILLES-Inauguration-PLACE-Marie-Janson-047-07012023-768x513.jpg 768w, https:\/\/quartiers1060.brussels\/wp-content\/uploads\/2023\/07\/ST-GILLES-Inauguration-PLACE-Marie-Janson-047-07012023-1536x1025.jpg 1536w, https:\/\/quartiers1060.brussels\/wp-content\/uploads\/2023\/07\/ST-GILLES-Inauguration-PLACE-Marie-Janson-047-07012023-1568x1046.jpg 1568w, https:\/\/quartiers1060.brussels\/wp-content\/uploads\/2023\/07\/ST-GILLES-Inauguration-PLACE-Marie-Janson-047-07012023-1320x881.jpg 1320w, https:\/\/quartiers1060.brussels\/wp-content\/uploads\/2023\/07\/ST-GILLES-Inauguration-PLACE-Marie-Janson-047-07012023.jpg 1798w\" sizes=\"(max-width: 1024px) 100vw, 1024px\" \/><\/a><figcaption class=\"wp-element-caption\">Boulodrome Charles Picqu\u00e9<\/figcaption><\/figure>\n\n\n\n<figure class=\"wp-block-image size-large is-style-default\"><a href=\"https:\/\/quartiers1060.brussels\/wp-content\/uploads\/2023\/07\/ST-GILLES-Inauguration-PLACE-Marie-Janson-051-07012023.jpg\"><img loading=\"lazy\" decoding=\"async\" width=\"1024\" height=\"683\" data-id=\"10462\" src=\"https:\/\/quartiers1060.brussels\/wp-content\/uploads\/2023\/07\/ST-GILLES-Inauguration-PLACE-Marie-Janson-051-07012023-1024x683.jpg\" alt=\"\" class=\"wp-image-10462\" srcset=\"https:\/\/quartiers1060.brussels\/wp-content\/uploads\/2023\/07\/ST-GILLES-Inauguration-PLACE-Marie-Janson-051-07012023-1024x683.jpg 1024w, https:\/\/quartiers1060.brussels\/wp-content\/uploads\/2023\/07\/ST-GILLES-Inauguration-PLACE-Marie-Janson-051-07012023-300x200.jpg 300w, https:\/\/quartiers1060.brussels\/wp-content\/uploads\/2023\/07\/ST-GILLES-Inauguration-PLACE-Marie-Janson-051-07012023-768x513.jpg 768w, https:\/\/quartiers1060.brussels\/wp-content\/uploads\/2023\/07\/ST-GILLES-Inauguration-PLACE-Marie-Janson-051-07012023-1536x1025.jpg 1536w, https:\/\/quartiers1060.brussels\/wp-content\/uploads\/2023\/07\/ST-GILLES-Inauguration-PLACE-Marie-Janson-051-07012023-1568x1046.jpg 1568w, https:\/\/quartiers1060.brussels\/wp-content\/uploads\/2023\/07\/ST-GILLES-Inauguration-PLACE-Marie-Janson-051-07012023-1320x881.jpg 1320w, https:\/\/quartiers1060.brussels\/wp-content\/uploads\/2023\/07\/ST-GILLES-Inauguration-PLACE-Marie-Janson-051-07012023.jpg 1798w\" sizes=\"(max-width: 1024px) 100vw, 1024px\" \/><\/a><figcaption class=\"wp-element-caption\">Boulodrome Charles Picqu\u00e9<\/figcaption><\/figure>\n\n\n\n<figure class=\"wp-block-image size-large is-style-default\"><a href=\"https:\/\/quartiers1060.brussels\/wp-content\/uploads\/2023\/07\/ST-GILLES-Inauguration-PLACE-Marie-Janson-095-07012023.jpg\"><img loading=\"lazy\" decoding=\"async\" width=\"1798\" height=\"1200\" data-id=\"10472\" src=\"https:\/\/quartiers1060.brussels\/wp-content\/uploads\/2023\/07\/ST-GILLES-Inauguration-PLACE-Marie-Janson-095-07012023.jpg\" alt=\"\" class=\"wp-image-10472\"\/><\/a><figcaption class=\"wp-element-caption\">Le th\u00e9\u00e2tre des po\u00e8tes<\/figcaption><\/figure>\n\n\n\n<figure class=\"wp-block-image size-large is-style-default\"><a href=\"https:\/\/quartiers1060.brussels\/wp-content\/uploads\/2023\/07\/ST-GILLES-Inauguration-PLACE-Marie-Janson-078-07012023.jpg\"><img loading=\"lazy\" decoding=\"async\" width=\"1024\" height=\"683\" data-id=\"10466\" src=\"https:\/\/quartiers1060.brussels\/wp-content\/uploads\/2023\/07\/ST-GILLES-Inauguration-PLACE-Marie-Janson-078-07012023-1024x683.jpg\" alt=\"\" class=\"wp-image-10466\" srcset=\"https:\/\/quartiers1060.brussels\/wp-content\/uploads\/2023\/07\/ST-GILLES-Inauguration-PLACE-Marie-Janson-078-07012023-1024x683.jpg 1024w, https:\/\/quartiers1060.brussels\/wp-content\/uploads\/2023\/07\/ST-GILLES-Inauguration-PLACE-Marie-Janson-078-07012023-300x200.jpg 300w, https:\/\/quartiers1060.brussels\/wp-content\/uploads\/2023\/07\/ST-GILLES-Inauguration-PLACE-Marie-Janson-078-07012023-768x513.jpg 768w, https:\/\/quartiers1060.brussels\/wp-content\/uploads\/2023\/07\/ST-GILLES-Inauguration-PLACE-Marie-Janson-078-07012023-1536x1025.jpg 1536w, https:\/\/quartiers1060.brussels\/wp-content\/uploads\/2023\/07\/ST-GILLES-Inauguration-PLACE-Marie-Janson-078-07012023-1568x1046.jpg 1568w, https:\/\/quartiers1060.brussels\/wp-content\/uploads\/2023\/07\/ST-GILLES-Inauguration-PLACE-Marie-Janson-078-07012023-1320x881.jpg 1320w, https:\/\/quartiers1060.brussels\/wp-content\/uploads\/2023\/07\/ST-GILLES-Inauguration-PLACE-Marie-Janson-078-07012023.jpg 1798w\" sizes=\"(max-width: 1024px) 100vw, 1024px\" \/><\/a><\/figure>\n\n\n\n<figure class=\"wp-block-image size-large is-style-default\"><a href=\"https:\/\/quartiers1060.brussels\/wp-content\/uploads\/2023\/07\/ST-GILLES-Inauguration-PLACE-Marie-Janson-017-07012023.jpg\"><img loading=\"lazy\" decoding=\"async\" width=\"1024\" height=\"684\" data-id=\"10448\" src=\"https:\/\/quartiers1060.brussels\/wp-content\/uploads\/2023\/07\/ST-GILLES-Inauguration-PLACE-Marie-Janson-017-07012023-1024x684.jpg\" alt=\"\" class=\"wp-image-10448\" srcset=\"https:\/\/quartiers1060.brussels\/wp-content\/uploads\/2023\/07\/ST-GILLES-Inauguration-PLACE-Marie-Janson-017-07012023-1024x684.jpg 1024w, https:\/\/quartiers1060.brussels\/wp-content\/uploads\/2023\/07\/ST-GILLES-Inauguration-PLACE-Marie-Janson-017-07012023-300x200.jpg 300w, https:\/\/quartiers1060.brussels\/wp-content\/uploads\/2023\/07\/ST-GILLES-Inauguration-PLACE-Marie-Janson-017-07012023-768x513.jpg 768w, https:\/\/quartiers1060.brussels\/wp-content\/uploads\/2023\/07\/ST-GILLES-Inauguration-PLACE-Marie-Janson-017-07012023.jpg 1057w\" sizes=\"(max-width: 1024px) 100vw, 1024px\" \/><\/a><figcaption class=\"wp-element-caption\">USG Foundation<\/figcaption><\/figure>\n\n\n\n<figure class=\"wp-block-image size-large is-style-default\"><a href=\"https:\/\/quartiers1060.brussels\/wp-content\/uploads\/2023\/07\/ST-GILLES-Inauguration-PLACE-Marie-Janson-014-07012023.jpg\"><img loading=\"lazy\" decoding=\"async\" width=\"1024\" height=\"683\" data-id=\"10446\" src=\"https:\/\/quartiers1060.brussels\/wp-content\/uploads\/2023\/07\/ST-GILLES-Inauguration-PLACE-Marie-Janson-014-07012023-1024x683.jpg\" alt=\"\" class=\"wp-image-10446\" srcset=\"https:\/\/quartiers1060.brussels\/wp-content\/uploads\/2023\/07\/ST-GILLES-Inauguration-PLACE-Marie-Janson-014-07012023-1024x683.jpg 1024w, https:\/\/quartiers1060.brussels\/wp-content\/uploads\/2023\/07\/ST-GILLES-Inauguration-PLACE-Marie-Janson-014-07012023-300x200.jpg 300w, https:\/\/quartiers1060.brussels\/wp-content\/uploads\/2023\/07\/ST-GILLES-Inauguration-PLACE-Marie-Janson-014-07012023-768x513.jpg 768w, https:\/\/quartiers1060.brussels\/wp-content\/uploads\/2023\/07\/ST-GILLES-Inauguration-PLACE-Marie-Janson-014-07012023-1536x1025.jpg 1536w, https:\/\/quartiers1060.brussels\/wp-content\/uploads\/2023\/07\/ST-GILLES-Inauguration-PLACE-Marie-Janson-014-07012023-1568x1046.jpg 1568w, https:\/\/quartiers1060.brussels\/wp-content\/uploads\/2023\/07\/ST-GILLES-Inauguration-PLACE-Marie-Janson-014-07012023-1320x881.jpg 1320w, https:\/\/quartiers1060.brussels\/wp-content\/uploads\/2023\/07\/ST-GILLES-Inauguration-PLACE-Marie-Janson-014-07012023.jpg 1798w\" sizes=\"(max-width: 1024px) 100vw, 1024px\" \/><\/a><figcaption class=\"wp-element-caption\">USG Foundation<\/figcaption><\/figure>\n\n\n\n<figure class=\"wp-block-image size-large is-style-default\"><a href=\"https:\/\/quartiers1060.brussels\/wp-content\/uploads\/2023\/07\/ST-GILLES-Inauguration-PLACE-Marie-Janson-040-07012023.jpg\"><img loading=\"lazy\" decoding=\"async\" width=\"1024\" height=\"683\" data-id=\"10456\" src=\"https:\/\/quartiers1060.brussels\/wp-content\/uploads\/2023\/07\/ST-GILLES-Inauguration-PLACE-Marie-Janson-040-07012023-1024x683.jpg\" alt=\"\" class=\"wp-image-10456\" srcset=\"https:\/\/quartiers1060.brussels\/wp-content\/uploads\/2023\/07\/ST-GILLES-Inauguration-PLACE-Marie-Janson-040-07012023-1024x683.jpg 1024w, https:\/\/quartiers1060.brussels\/wp-content\/uploads\/2023\/07\/ST-GILLES-Inauguration-PLACE-Marie-Janson-040-07012023-300x200.jpg 300w, https:\/\/quartiers1060.brussels\/wp-content\/uploads\/2023\/07\/ST-GILLES-Inauguration-PLACE-Marie-Janson-040-07012023-768x513.jpg 768w, https:\/\/quartiers1060.brussels\/wp-content\/uploads\/2023\/07\/ST-GILLES-Inauguration-PLACE-Marie-Janson-040-07012023-1536x1025.jpg 1536w, https:\/\/quartiers1060.brussels\/wp-content\/uploads\/2023\/07\/ST-GILLES-Inauguration-PLACE-Marie-Janson-040-07012023-1568x1046.jpg 1568w, https:\/\/quartiers1060.brussels\/wp-content\/uploads\/2023\/07\/ST-GILLES-Inauguration-PLACE-Marie-Janson-040-07012023-1320x881.jpg 1320w, https:\/\/quartiers1060.brussels\/wp-content\/uploads\/2023\/07\/ST-GILLES-Inauguration-PLACE-Marie-Janson-040-07012023.jpg 1798w\" sizes=\"(max-width: 1024px) 100vw, 1024px\" \/><\/a><figcaption class=\"wp-element-caption\">USG Foundation<\/figcaption><\/figure>\n\n\n\n<figure class=\"wp-block-image size-large is-style-default\"><a href=\"https:\/\/quartiers1060.brussels\/wp-content\/uploads\/2023\/07\/ST-GILLES-Inauguration-PLACE-Marie-Janson-087-07012023.jpg\"><img loading=\"lazy\" decoding=\"async\" width=\"1798\" height=\"1200\" data-id=\"10470\" src=\"https:\/\/quartiers1060.brussels\/wp-content\/uploads\/2023\/07\/ST-GILLES-Inauguration-PLACE-Marie-Janson-087-07012023.jpg\" alt=\"\" class=\"wp-image-10470\"\/><\/a><figcaption class=\"wp-element-caption\">USG Foundation<\/figcaption><\/figure>\n\n\n\n<figure class=\"wp-block-image size-large is-style-default\"><a href=\"https:\/\/quartiers1060.brussels\/wp-content\/uploads\/2023\/07\/ST-GILLES-Inauguration-PLACE-Marie-Janson-003-07012023.jpg\"><img loading=\"lazy\" decoding=\"async\" width=\"1024\" height=\"683\" data-id=\"10444\" src=\"https:\/\/quartiers1060.brussels\/wp-content\/uploads\/2023\/07\/ST-GILLES-Inauguration-PLACE-Marie-Janson-003-07012023-1024x683.jpg\" alt=\"\" class=\"wp-image-10444\" srcset=\"https:\/\/quartiers1060.brussels\/wp-content\/uploads\/2023\/07\/ST-GILLES-Inauguration-PLACE-Marie-Janson-003-07012023-1024x683.jpg 1024w, https:\/\/quartiers1060.brussels\/wp-content\/uploads\/2023\/07\/ST-GILLES-Inauguration-PLACE-Marie-Janson-003-07012023-300x200.jpg 300w, https:\/\/quartiers1060.brussels\/wp-content\/uploads\/2023\/07\/ST-GILLES-Inauguration-PLACE-Marie-Janson-003-07012023-768x513.jpg 768w, https:\/\/quartiers1060.brussels\/wp-content\/uploads\/2023\/07\/ST-GILLES-Inauguration-PLACE-Marie-Janson-003-07012023-1536x1025.jpg 1536w, https:\/\/quartiers1060.brussels\/wp-content\/uploads\/2023\/07\/ST-GILLES-Inauguration-PLACE-Marie-Janson-003-07012023-1568x1046.jpg 1568w, https:\/\/quartiers1060.brussels\/wp-content\/uploads\/2023\/07\/ST-GILLES-Inauguration-PLACE-Marie-Janson-003-07012023-1320x881.jpg 1320w, https:\/\/quartiers1060.brussels\/wp-content\/uploads\/2023\/07\/ST-GILLES-Inauguration-PLACE-Marie-Janson-003-07012023.jpg 1798w\" sizes=\"(max-width: 1024px) 100vw, 1024px\" \/><\/a><\/figure>\n\n\n\n<figure class=\"wp-block-image size-large is-style-default\"><a href=\"https:\/\/quartiers1060.brussels\/wp-content\/uploads\/2023\/07\/ST-GILLES-Inauguration-PLACE-Marie-Janson-043-07012023.jpg\"><img loading=\"lazy\" decoding=\"async\" width=\"1024\" height=\"683\" data-id=\"10458\" src=\"https:\/\/quartiers1060.brussels\/wp-content\/uploads\/2023\/07\/ST-GILLES-Inauguration-PLACE-Marie-Janson-043-07012023-1024x683.jpg\" alt=\"\" class=\"wp-image-10458\" srcset=\"https:\/\/quartiers1060.brussels\/wp-content\/uploads\/2023\/07\/ST-GILLES-Inauguration-PLACE-Marie-Janson-043-07012023-1024x683.jpg 1024w, https:\/\/quartiers1060.brussels\/wp-content\/uploads\/2023\/07\/ST-GILLES-Inauguration-PLACE-Marie-Janson-043-07012023-300x200.jpg 300w, https:\/\/quartiers1060.brussels\/wp-content\/uploads\/2023\/07\/ST-GILLES-Inauguration-PLACE-Marie-Janson-043-07012023-768x513.jpg 768w, https:\/\/quartiers1060.brussels\/wp-content\/uploads\/2023\/07\/ST-GILLES-Inauguration-PLACE-Marie-Janson-043-07012023-1536x1025.jpg 1536w, https:\/\/quartiers1060.brussels\/wp-content\/uploads\/2023\/07\/ST-GILLES-Inauguration-PLACE-Marie-Janson-043-07012023-1568x1046.jpg 1568w, https:\/\/quartiers1060.brussels\/wp-content\/uploads\/2023\/07\/ST-GILLES-Inauguration-PLACE-Marie-Janson-043-07012023-1320x881.jpg 1320w, https:\/\/quartiers1060.brussels\/wp-content\/uploads\/2023\/07\/ST-GILLES-Inauguration-PLACE-Marie-Janson-043-07012023.jpg 1798w\" sizes=\"(max-width: 1024px) 100vw, 1024px\" \/><\/a><\/figure>\n\n\n\n<figure class=\"wp-block-image size-large is-style-default\"><img loading=\"lazy\" decoding=\"async\" width=\"1024\" height=\"683\" data-id=\"10532\" src=\"https:\/\/quartiers1060.brussels\/wp-content\/uploads\/2023\/07\/ST-GILLES-Inauguration-PLACE-Marie-Janson-085-07012023-1-1024x683.jpg\" alt=\"\" class=\"wp-image-10532\" srcset=\"https:\/\/quartiers1060.brussels\/wp-content\/uploads\/2023\/07\/ST-GILLES-Inauguration-PLACE-Marie-Janson-085-07012023-1-1024x683.jpg 1024w, https:\/\/quartiers1060.brussels\/wp-content\/uploads\/2023\/07\/ST-GILLES-Inauguration-PLACE-Marie-Janson-085-07012023-1-300x200.jpg 300w, https:\/\/quartiers1060.brussels\/wp-content\/uploads\/2023\/07\/ST-GILLES-Inauguration-PLACE-Marie-Janson-085-07012023-1-768x513.jpg 768w, https:\/\/quartiers1060.brussels\/wp-content\/uploads\/2023\/07\/ST-GILLES-Inauguration-PLACE-Marie-Janson-085-07012023-1-1536x1025.jpg 1536w, https:\/\/quartiers1060.brussels\/wp-content\/uploads\/2023\/07\/ST-GILLES-Inauguration-PLACE-Marie-Janson-085-07012023-1-1568x1046.jpg 1568w, https:\/\/quartiers1060.brussels\/wp-content\/uploads\/2023\/07\/ST-GILLES-Inauguration-PLACE-Marie-Janson-085-07012023-1-1320x881.jpg 1320w, https:\/\/quartiers1060.brussels\/wp-content\/uploads\/2023\/07\/ST-GILLES-Inauguration-PLACE-Marie-Janson-085-07012023-1.jpg 1798w\" sizes=\"(max-width: 1024px) 100vw, 1024px\" \/><\/figure>\n\n\n\n<figure class=\"wp-block-image size-large is-style-default\"><a href=\"https:\/\/quartiers1060.brussels\/wp-content\/uploads\/2023\/07\/ST-GILLES-Inauguration-PLACE-Marie-Janson-068-07012023.jpg\"><img loading=\"lazy\" decoding=\"async\" width=\"1024\" height=\"683\" data-id=\"10464\" src=\"https:\/\/quartiers1060.brussels\/wp-content\/uploads\/2023\/07\/ST-GILLES-Inauguration-PLACE-Marie-Janson-068-07012023-1024x683.jpg\" alt=\"\" class=\"wp-image-10464\" srcset=\"https:\/\/quartiers1060.brussels\/wp-content\/uploads\/2023\/07\/ST-GILLES-Inauguration-PLACE-Marie-Janson-068-07012023-1024x683.jpg 1024w, https:\/\/quartiers1060.brussels\/wp-content\/uploads\/2023\/07\/ST-GILLES-Inauguration-PLACE-Marie-Janson-068-07012023-300x200.jpg 300w, https:\/\/quartiers1060.brussels\/wp-content\/uploads\/2023\/07\/ST-GILLES-Inauguration-PLACE-Marie-Janson-068-07012023-768x513.jpg 768w, https:\/\/quartiers1060.brussels\/wp-content\/uploads\/2023\/07\/ST-GILLES-Inauguration-PLACE-Marie-Janson-068-07012023-1536x1025.jpg 1536w, https:\/\/quartiers1060.brussels\/wp-content\/uploads\/2023\/07\/ST-GILLES-Inauguration-PLACE-Marie-Janson-068-07012023-1568x1046.jpg 1568w, https:\/\/quartiers1060.brussels\/wp-content\/uploads\/2023\/07\/ST-GILLES-Inauguration-PLACE-Marie-Janson-068-07012023-1320x881.jpg 1320w, https:\/\/quartiers1060.brussels\/wp-content\/uploads\/2023\/07\/ST-GILLES-Inauguration-PLACE-Marie-Janson-068-07012023.jpg 1798w\" sizes=\"(max-width: 1024px) 100vw, 1024px\" \/><\/a><figcaption class=\"wp-element-caption\">Saint-Gilles Sport<\/figcaption><\/figure>\n\n\n\n<figure class=\"wp-block-image size-large is-style-default\"><a href=\"https:\/\/quartiers1060.brussels\/wp-content\/uploads\/2023\/07\/ST-GILLES-Inauguration-PLACE-Marie-Janson-126-07012023.jpg\"><img loading=\"lazy\" decoding=\"async\" width=\"1024\" height=\"683\" data-id=\"10482\" src=\"https:\/\/quartiers1060.brussels\/wp-content\/uploads\/2023\/07\/ST-GILLES-Inauguration-PLACE-Marie-Janson-126-07012023-1024x683.jpg\" alt=\"\" class=\"wp-image-10482\" srcset=\"https:\/\/quartiers1060.brussels\/wp-content\/uploads\/2023\/07\/ST-GILLES-Inauguration-PLACE-Marie-Janson-126-07012023-1024x683.jpg 1024w, https:\/\/quartiers1060.brussels\/wp-content\/uploads\/2023\/07\/ST-GILLES-Inauguration-PLACE-Marie-Janson-126-07012023-300x200.jpg 300w, https:\/\/quartiers1060.brussels\/wp-content\/uploads\/2023\/07\/ST-GILLES-Inauguration-PLACE-Marie-Janson-126-07012023-768x513.jpg 768w, https:\/\/quartiers1060.brussels\/wp-content\/uploads\/2023\/07\/ST-GILLES-Inauguration-PLACE-Marie-Janson-126-07012023-1536x1025.jpg 1536w, https:\/\/quartiers1060.brussels\/wp-content\/uploads\/2023\/07\/ST-GILLES-Inauguration-PLACE-Marie-Janson-126-07012023-1568x1046.jpg 1568w, https:\/\/quartiers1060.brussels\/wp-content\/uploads\/2023\/07\/ST-GILLES-Inauguration-PLACE-Marie-Janson-126-07012023-1320x881.jpg 1320w, https:\/\/quartiers1060.brussels\/wp-content\/uploads\/2023\/07\/ST-GILLES-Inauguration-PLACE-Marie-Janson-126-07012023.jpg 1798w\" sizes=\"(max-width: 1024px) 100vw, 1024px\" \/><\/a><figcaption class=\"wp-element-caption\">USG Foundation<\/figcaption><\/figure>\n\n\n\n<figure class=\"wp-block-image size-large is-style-default\"><a href=\"https:\/\/quartiers1060.brussels\/wp-content\/uploads\/2023\/07\/ST-GILLES-Inauguration-PLACE-Marie-Janson-156-07012023.jpg\"><img loading=\"lazy\" decoding=\"async\" width=\"1024\" height=\"683\" data-id=\"10492\" src=\"https:\/\/quartiers1060.brussels\/wp-content\/uploads\/2023\/07\/ST-GILLES-Inauguration-PLACE-Marie-Janson-156-07012023-1024x683.jpg\" alt=\"\" class=\"wp-image-10492\" srcset=\"https:\/\/quartiers1060.brussels\/wp-content\/uploads\/2023\/07\/ST-GILLES-Inauguration-PLACE-Marie-Janson-156-07012023-1024x683.jpg 1024w, https:\/\/quartiers1060.brussels\/wp-content\/uploads\/2023\/07\/ST-GILLES-Inauguration-PLACE-Marie-Janson-156-07012023-300x200.jpg 300w, https:\/\/quartiers1060.brussels\/wp-content\/uploads\/2023\/07\/ST-GILLES-Inauguration-PLACE-Marie-Janson-156-07012023-768x513.jpg 768w, https:\/\/quartiers1060.brussels\/wp-content\/uploads\/2023\/07\/ST-GILLES-Inauguration-PLACE-Marie-Janson-156-07012023-1536x1025.jpg 1536w, https:\/\/quartiers1060.brussels\/wp-content\/uploads\/2023\/07\/ST-GILLES-Inauguration-PLACE-Marie-Janson-156-07012023-1568x1046.jpg 1568w, https:\/\/quartiers1060.brussels\/wp-content\/uploads\/2023\/07\/ST-GILLES-Inauguration-PLACE-Marie-Janson-156-07012023-1320x881.jpg 1320w, https:\/\/quartiers1060.brussels\/wp-content\/uploads\/2023\/07\/ST-GILLES-Inauguration-PLACE-Marie-Janson-156-07012023.jpg 1798w\" sizes=\"(max-width: 1024px) 100vw, 1024px\" \/><\/a><figcaption class=\"wp-element-caption\">Afrokata asbl<\/figcaption><\/figure>\n\n\n\n<figure class=\"wp-block-image size-large is-style-default\"><a href=\"https:\/\/quartiers1060.brussels\/wp-content\/uploads\/2023\/07\/ST-GILLES-Inauguration-PLACE-Marie-Janson-145-07012023.jpg\"><img loading=\"lazy\" decoding=\"async\" width=\"1024\" height=\"683\" data-id=\"10488\" src=\"https:\/\/quartiers1060.brussels\/wp-content\/uploads\/2023\/07\/ST-GILLES-Inauguration-PLACE-Marie-Janson-145-07012023-1024x683.jpg\" alt=\"\" class=\"wp-image-10488\" srcset=\"https:\/\/quartiers1060.brussels\/wp-content\/uploads\/2023\/07\/ST-GILLES-Inauguration-PLACE-Marie-Janson-145-07012023-1024x683.jpg 1024w, https:\/\/quartiers1060.brussels\/wp-content\/uploads\/2023\/07\/ST-GILLES-Inauguration-PLACE-Marie-Janson-145-07012023-300x200.jpg 300w, https:\/\/quartiers1060.brussels\/wp-content\/uploads\/2023\/07\/ST-GILLES-Inauguration-PLACE-Marie-Janson-145-07012023-768x513.jpg 768w, https:\/\/quartiers1060.brussels\/wp-content\/uploads\/2023\/07\/ST-GILLES-Inauguration-PLACE-Marie-Janson-145-07012023-1536x1025.jpg 1536w, https:\/\/quartiers1060.brussels\/wp-content\/uploads\/2023\/07\/ST-GILLES-Inauguration-PLACE-Marie-Janson-145-07012023-1568x1046.jpg 1568w, https:\/\/quartiers1060.brussels\/wp-content\/uploads\/2023\/07\/ST-GILLES-Inauguration-PLACE-Marie-Janson-145-07012023-1320x881.jpg 1320w, https:\/\/quartiers1060.brussels\/wp-content\/uploads\/2023\/07\/ST-GILLES-Inauguration-PLACE-Marie-Janson-145-07012023.jpg 1798w\" sizes=\"(max-width: 1024px) 100vw, 1024px\" \/><\/a><figcaption class=\"wp-element-caption\">Afrokata asbl<\/figcaption><\/figure>\n\n\n\n<figure class=\"wp-block-image size-large is-style-default\"><a href=\"https:\/\/quartiers1060.brussels\/wp-content\/uploads\/2023\/07\/ST-GILLES-Inauguration-PLACE-Marie-Janson-152-07012023.jpg\"><img loading=\"lazy\" decoding=\"async\" width=\"1024\" height=\"683\" data-id=\"10490\" src=\"https:\/\/quartiers1060.brussels\/wp-content\/uploads\/2023\/07\/ST-GILLES-Inauguration-PLACE-Marie-Janson-152-07012023-1024x683.jpg\" alt=\"\" class=\"wp-image-10490\" srcset=\"https:\/\/quartiers1060.brussels\/wp-content\/uploads\/2023\/07\/ST-GILLES-Inauguration-PLACE-Marie-Janson-152-07012023-1024x683.jpg 1024w, https:\/\/quartiers1060.brussels\/wp-content\/uploads\/2023\/07\/ST-GILLES-Inauguration-PLACE-Marie-Janson-152-07012023-300x200.jpg 300w, https:\/\/quartiers1060.brussels\/wp-content\/uploads\/2023\/07\/ST-GILLES-Inauguration-PLACE-Marie-Janson-152-07012023-768x513.jpg 768w, https:\/\/quartiers1060.brussels\/wp-content\/uploads\/2023\/07\/ST-GILLES-Inauguration-PLACE-Marie-Janson-152-07012023-1536x1025.jpg 1536w, https:\/\/quartiers1060.brussels\/wp-content\/uploads\/2023\/07\/ST-GILLES-Inauguration-PLACE-Marie-Janson-152-07012023-1568x1046.jpg 1568w, https:\/\/quartiers1060.brussels\/wp-content\/uploads\/2023\/07\/ST-GILLES-Inauguration-PLACE-Marie-Janson-152-07012023-1320x881.jpg 1320w, https:\/\/quartiers1060.brussels\/wp-content\/uploads\/2023\/07\/ST-GILLES-Inauguration-PLACE-Marie-Janson-152-07012023.jpg 1798w\" sizes=\"(max-width: 1024px) 100vw, 1024px\" \/><\/a><figcaption class=\"wp-element-caption\">Afrokata asbl<\/figcaption><\/figure>\n\n\n\n<figure class=\"wp-block-image size-large is-style-default\"><a href=\"https:\/\/quartiers1060.brussels\/wp-content\/uploads\/2023\/07\/ST-GILLES-Inauguration-PLACE-Marie-Janson-175-07012023.jpg\"><img loading=\"lazy\" decoding=\"async\" width=\"1024\" height=\"683\" data-id=\"10496\" src=\"https:\/\/quartiers1060.brussels\/wp-content\/uploads\/2023\/07\/ST-GILLES-Inauguration-PLACE-Marie-Janson-175-07012023-1024x683.jpg\" alt=\"\" class=\"wp-image-10496\" srcset=\"https:\/\/quartiers1060.brussels\/wp-content\/uploads\/2023\/07\/ST-GILLES-Inauguration-PLACE-Marie-Janson-175-07012023-1024x683.jpg 1024w, https:\/\/quartiers1060.brussels\/wp-content\/uploads\/2023\/07\/ST-GILLES-Inauguration-PLACE-Marie-Janson-175-07012023-300x200.jpg 300w, https:\/\/quartiers1060.brussels\/wp-content\/uploads\/2023\/07\/ST-GILLES-Inauguration-PLACE-Marie-Janson-175-07012023-768x513.jpg 768w, https:\/\/quartiers1060.brussels\/wp-content\/uploads\/2023\/07\/ST-GILLES-Inauguration-PLACE-Marie-Janson-175-07012023-1536x1025.jpg 1536w, https:\/\/quartiers1060.brussels\/wp-content\/uploads\/2023\/07\/ST-GILLES-Inauguration-PLACE-Marie-Janson-175-07012023-1568x1046.jpg 1568w, https:\/\/quartiers1060.brussels\/wp-content\/uploads\/2023\/07\/ST-GILLES-Inauguration-PLACE-Marie-Janson-175-07012023-1320x881.jpg 1320w, https:\/\/quartiers1060.brussels\/wp-content\/uploads\/2023\/07\/ST-GILLES-Inauguration-PLACE-Marie-Janson-175-07012023.jpg 1798w\" sizes=\"(max-width: 1024px) 100vw, 1024px\" \/><\/a><figcaption class=\"wp-element-caption\">Afrokata asbl<\/figcaption><\/figure>\n\n\n\n<figure class=\"wp-block-image size-large is-style-default\"><a href=\"https:\/\/quartiers1060.brussels\/wp-content\/uploads\/2023\/07\/ST-GILLES-Inauguration-PLACE-Marie-Janson-168-07012023.jpg\"><img loading=\"lazy\" decoding=\"async\" width=\"1798\" height=\"1200\" data-id=\"10494\" src=\"https:\/\/quartiers1060.brussels\/wp-content\/uploads\/2023\/07\/ST-GILLES-Inauguration-PLACE-Marie-Janson-168-07012023.jpg\" alt=\"\" class=\"wp-image-10494\"\/><\/a><\/figure>\n\n\n\n<figure class=\"wp-block-image size-large is-style-default\"><a href=\"https:\/\/quartiers1060.brussels\/wp-content\/uploads\/2023\/07\/ST-GILLES-Inauguration-PLACE-Marie-Janson-178-07012023.jpg\"><img loading=\"lazy\" decoding=\"async\" width=\"1024\" height=\"683\" data-id=\"10498\" src=\"https:\/\/quartiers1060.brussels\/wp-content\/uploads\/2023\/07\/ST-GILLES-Inauguration-PLACE-Marie-Janson-178-07012023-1024x683.jpg\" alt=\"\" class=\"wp-image-10498\" srcset=\"https:\/\/quartiers1060.brussels\/wp-content\/uploads\/2023\/07\/ST-GILLES-Inauguration-PLACE-Marie-Janson-178-07012023-1024x683.jpg 1024w, https:\/\/quartiers1060.brussels\/wp-content\/uploads\/2023\/07\/ST-GILLES-Inauguration-PLACE-Marie-Janson-178-07012023-300x200.jpg 300w, https:\/\/quartiers1060.brussels\/wp-content\/uploads\/2023\/07\/ST-GILLES-Inauguration-PLACE-Marie-Janson-178-07012023-768x513.jpg 768w, https:\/\/quartiers1060.brussels\/wp-content\/uploads\/2023\/07\/ST-GILLES-Inauguration-PLACE-Marie-Janson-178-07012023-1536x1025.jpg 1536w, https:\/\/quartiers1060.brussels\/wp-content\/uploads\/2023\/07\/ST-GILLES-Inauguration-PLACE-Marie-Janson-178-07012023-1568x1046.jpg 1568w, https:\/\/quartiers1060.brussels\/wp-content\/uploads\/2023\/07\/ST-GILLES-Inauguration-PLACE-Marie-Janson-178-07012023-1320x881.jpg 1320w, https:\/\/quartiers1060.brussels\/wp-content\/uploads\/2023\/07\/ST-GILLES-Inauguration-PLACE-Marie-Janson-178-07012023.jpg 1798w\" sizes=\"(max-width: 1024px) 100vw, 1024px\" \/><\/a><\/figure>\n\n\n\n<figure class=\"wp-block-image size-large is-style-default\"><a href=\"https:\/\/quartiers1060.brussels\/wp-content\/uploads\/2023\/07\/ST-GILLES-Inauguration-PLACE-Marie-Janson-183-07012023.jpg\"><img loading=\"lazy\" decoding=\"async\" width=\"1024\" height=\"683\" data-id=\"10500\" src=\"https:\/\/quartiers1060.brussels\/wp-content\/uploads\/2023\/07\/ST-GILLES-Inauguration-PLACE-Marie-Janson-183-07012023-1024x683.jpg\" alt=\"\" class=\"wp-image-10500\" srcset=\"https:\/\/quartiers1060.brussels\/wp-content\/uploads\/2023\/07\/ST-GILLES-Inauguration-PLACE-Marie-Janson-183-07012023-1024x683.jpg 1024w, https:\/\/quartiers1060.brussels\/wp-content\/uploads\/2023\/07\/ST-GILLES-Inauguration-PLACE-Marie-Janson-183-07012023-300x200.jpg 300w, https:\/\/quartiers1060.brussels\/wp-content\/uploads\/2023\/07\/ST-GILLES-Inauguration-PLACE-Marie-Janson-183-07012023-768x513.jpg 768w, https:\/\/quartiers1060.brussels\/wp-content\/uploads\/2023\/07\/ST-GILLES-Inauguration-PLACE-Marie-Janson-183-07012023-1536x1025.jpg 1536w, https:\/\/quartiers1060.brussels\/wp-content\/uploads\/2023\/07\/ST-GILLES-Inauguration-PLACE-Marie-Janson-183-07012023-1568x1046.jpg 1568w, https:\/\/quartiers1060.brussels\/wp-content\/uploads\/2023\/07\/ST-GILLES-Inauguration-PLACE-Marie-Janson-183-07012023-1320x881.jpg 1320w, https:\/\/quartiers1060.brussels\/wp-content\/uploads\/2023\/07\/ST-GILLES-Inauguration-PLACE-Marie-Janson-183-07012023.jpg 1798w\" sizes=\"(max-width: 1024px) 100vw, 1024px\" \/><\/a><\/figure>\n\n\n\n<figure class=\"wp-block-image size-large is-style-default\"><a href=\"https:\/\/quartiers1060.brussels\/wp-content\/uploads\/2023\/07\/ST-GILLES-Inauguration-PLACE-Marie-Janson-185-07012023.jpg\"><img loading=\"lazy\" decoding=\"async\" width=\"1798\" height=\"1200\" data-id=\"10502\" src=\"https:\/\/quartiers1060.brussels\/wp-content\/uploads\/2023\/07\/ST-GILLES-Inauguration-PLACE-Marie-Janson-185-07012023.jpg\" alt=\"\" class=\"wp-image-10502\"\/><\/a><\/figure>\n\n\n\n<figure class=\"wp-block-image size-large is-style-default\"><a href=\"https:\/\/quartiers1060.brussels\/wp-content\/uploads\/2023\/07\/ST-GILLES-Inauguration-PLACE-Marie-Janson-194-07012023.jpg\"><img loading=\"lazy\" decoding=\"async\" width=\"1798\" height=\"1200\" data-id=\"10504\" src=\"https:\/\/quartiers1060.brussels\/wp-content\/uploads\/2023\/07\/ST-GILLES-Inauguration-PLACE-Marie-Janson-194-07012023.jpg\" alt=\"\" class=\"wp-image-10504\"\/><\/a><\/figure>\n\n\n\n<figure class=\"wp-block-image size-large is-style-default\"><a href=\"https:\/\/quartiers1060.brussels\/wp-content\/uploads\/2023\/07\/ST-GILLES-Inauguration-PLACE-Marie-Janson-198-07012023.jpg\"><img loading=\"lazy\" decoding=\"async\" width=\"1024\" height=\"683\" data-id=\"10506\" src=\"https:\/\/quartiers1060.brussels\/wp-content\/uploads\/2023\/07\/ST-GILLES-Inauguration-PLACE-Marie-Janson-198-07012023-1024x683.jpg\" alt=\"\" class=\"wp-image-10506\" srcset=\"https:\/\/quartiers1060.brussels\/wp-content\/uploads\/2023\/07\/ST-GILLES-Inauguration-PLACE-Marie-Janson-198-07012023-1024x683.jpg 1024w, https:\/\/quartiers1060.brussels\/wp-content\/uploads\/2023\/07\/ST-GILLES-Inauguration-PLACE-Marie-Janson-198-07012023-300x200.jpg 300w, https:\/\/quartiers1060.brussels\/wp-content\/uploads\/2023\/07\/ST-GILLES-Inauguration-PLACE-Marie-Janson-198-07012023-768x513.jpg 768w, https:\/\/quartiers1060.brussels\/wp-content\/uploads\/2023\/07\/ST-GILLES-Inauguration-PLACE-Marie-Janson-198-07012023-1536x1025.jpg 1536w, https:\/\/quartiers1060.brussels\/wp-content\/uploads\/2023\/07\/ST-GILLES-Inauguration-PLACE-Marie-Janson-198-07012023-1568x1046.jpg 1568w, https:\/\/quartiers1060.brussels\/wp-content\/uploads\/2023\/07\/ST-GILLES-Inauguration-PLACE-Marie-Janson-198-07012023-1320x881.jpg 1320w, https:\/\/quartiers1060.brussels\/wp-content\/uploads\/2023\/07\/ST-GILLES-Inauguration-PLACE-Marie-Janson-198-07012023.jpg 1798w\" sizes=\"(max-width: 1024px) 100vw, 1024px\" \/><\/a><\/figure>\n\n\n\n<figure class=\"wp-block-image size-large is-style-default\"><a href=\"https:\/\/quartiers1060.brussels\/wp-content\/uploads\/2023\/07\/ST-GILLES-Inauguration-PLACE-Marie-Janson-226-07012023.jpg\"><img loading=\"lazy\" decoding=\"async\" width=\"1024\" height=\"683\" data-id=\"10514\" src=\"https:\/\/quartiers1060.brussels\/wp-content\/uploads\/2023\/07\/ST-GILLES-Inauguration-PLACE-Marie-Janson-226-07012023-1024x683.jpg\" alt=\"\" class=\"wp-image-10514\" srcset=\"https:\/\/quartiers1060.brussels\/wp-content\/uploads\/2023\/07\/ST-GILLES-Inauguration-PLACE-Marie-Janson-226-07012023-1024x683.jpg 1024w, https:\/\/quartiers1060.brussels\/wp-content\/uploads\/2023\/07\/ST-GILLES-Inauguration-PLACE-Marie-Janson-226-07012023-300x200.jpg 300w, https:\/\/quartiers1060.brussels\/wp-content\/uploads\/2023\/07\/ST-GILLES-Inauguration-PLACE-Marie-Janson-226-07012023-768x513.jpg 768w, https:\/\/quartiers1060.brussels\/wp-content\/uploads\/2023\/07\/ST-GILLES-Inauguration-PLACE-Marie-Janson-226-07012023-1536x1025.jpg 1536w, https:\/\/quartiers1060.brussels\/wp-content\/uploads\/2023\/07\/ST-GILLES-Inauguration-PLACE-Marie-Janson-226-07012023-1568x1046.jpg 1568w, https:\/\/quartiers1060.brussels\/wp-content\/uploads\/2023\/07\/ST-GILLES-Inauguration-PLACE-Marie-Janson-226-07012023-1320x881.jpg 1320w, https:\/\/quartiers1060.brussels\/wp-content\/uploads\/2023\/07\/ST-GILLES-Inauguration-PLACE-Marie-Janson-226-07012023.jpg 1798w\" sizes=\"(max-width: 1024px) 100vw, 1024px\" \/><\/a><\/figure>\n\n\n\n<figure class=\"wp-block-image size-large is-style-default\"><a href=\"https:\/\/quartiers1060.brussels\/wp-content\/uploads\/2023\/07\/ST-GILLES-Inauguration-PLACE-Marie-Janson-219-07012023.jpg\"><img loading=\"lazy\" decoding=\"async\" width=\"1024\" height=\"683\" data-id=\"10510\" src=\"https:\/\/quartiers1060.brussels\/wp-content\/uploads\/2023\/07\/ST-GILLES-Inauguration-PLACE-Marie-Janson-219-07012023-1024x683.jpg\" alt=\"\" class=\"wp-image-10510\" srcset=\"https:\/\/quartiers1060.brussels\/wp-content\/uploads\/2023\/07\/ST-GILLES-Inauguration-PLACE-Marie-Janson-219-07012023-1024x683.jpg 1024w, https:\/\/quartiers1060.brussels\/wp-content\/uploads\/2023\/07\/ST-GILLES-Inauguration-PLACE-Marie-Janson-219-07012023-300x200.jpg 300w, https:\/\/quartiers1060.brussels\/wp-content\/uploads\/2023\/07\/ST-GILLES-Inauguration-PLACE-Marie-Janson-219-07012023-768x513.jpg 768w, https:\/\/quartiers1060.brussels\/wp-content\/uploads\/2023\/07\/ST-GILLES-Inauguration-PLACE-Marie-Janson-219-07012023-1536x1025.jpg 1536w, https:\/\/quartiers1060.brussels\/wp-content\/uploads\/2023\/07\/ST-GILLES-Inauguration-PLACE-Marie-Janson-219-07012023-1568x1046.jpg 1568w, https:\/\/quartiers1060.brussels\/wp-content\/uploads\/2023\/07\/ST-GILLES-Inauguration-PLACE-Marie-Janson-219-07012023-1320x881.jpg 1320w, https:\/\/quartiers1060.brussels\/wp-content\/uploads\/2023\/07\/ST-GILLES-Inauguration-PLACE-Marie-Janson-219-07012023.jpg 1798w\" sizes=\"(max-width: 1024px) 100vw, 1024px\" \/><\/a><\/figure>\n\n\n\n<figure class=\"wp-block-image size-large is-style-default\"><a href=\"https:\/\/quartiers1060.brussels\/wp-content\/uploads\/2023\/07\/ST-GILLES-Inauguration-PLACE-Marie-Janson-214-07012023.jpg\"><img loading=\"lazy\" decoding=\"async\" width=\"1024\" height=\"683\" data-id=\"10508\" src=\"https:\/\/quartiers1060.brussels\/wp-content\/uploads\/2023\/07\/ST-GILLES-Inauguration-PLACE-Marie-Janson-214-07012023-1024x683.jpg\" alt=\"\" class=\"wp-image-10508\" srcset=\"https:\/\/quartiers1060.brussels\/wp-content\/uploads\/2023\/07\/ST-GILLES-Inauguration-PLACE-Marie-Janson-214-07012023-1024x683.jpg 1024w, https:\/\/quartiers1060.brussels\/wp-content\/uploads\/2023\/07\/ST-GILLES-Inauguration-PLACE-Marie-Janson-214-07012023-300x200.jpg 300w, https:\/\/quartiers1060.brussels\/wp-content\/uploads\/2023\/07\/ST-GILLES-Inauguration-PLACE-Marie-Janson-214-07012023-768x513.jpg 768w, https:\/\/quartiers1060.brussels\/wp-content\/uploads\/2023\/07\/ST-GILLES-Inauguration-PLACE-Marie-Janson-214-07012023-1536x1025.jpg 1536w, https:\/\/quartiers1060.brussels\/wp-content\/uploads\/2023\/07\/ST-GILLES-Inauguration-PLACE-Marie-Janson-214-07012023-1568x1046.jpg 1568w, https:\/\/quartiers1060.brussels\/wp-content\/uploads\/2023\/07\/ST-GILLES-Inauguration-PLACE-Marie-Janson-214-07012023-1320x881.jpg 1320w, https:\/\/quartiers1060.brussels\/wp-content\/uploads\/2023\/07\/ST-GILLES-Inauguration-PLACE-Marie-Janson-214-07012023.jpg 1798w\" sizes=\"(max-width: 1024px) 100vw, 1024px\" \/><\/a><\/figure>\n\n\n\n<figure class=\"wp-block-image size-large is-style-default\"><a href=\"https:\/\/quartiers1060.brussels\/wp-content\/uploads\/2023\/07\/ST-GILLES-Inauguration-PLACE-Marie-Janson-232-07012023.jpg\"><img loading=\"lazy\" decoding=\"async\" width=\"1024\" height=\"683\" data-id=\"10516\" src=\"https:\/\/quartiers1060.brussels\/wp-content\/uploads\/2023\/07\/ST-GILLES-Inauguration-PLACE-Marie-Janson-232-07012023-1024x683.jpg\" alt=\"\" class=\"wp-image-10516\" srcset=\"https:\/\/quartiers1060.brussels\/wp-content\/uploads\/2023\/07\/ST-GILLES-Inauguration-PLACE-Marie-Janson-232-07012023-1024x683.jpg 1024w, https:\/\/quartiers1060.brussels\/wp-content\/uploads\/2023\/07\/ST-GILLES-Inauguration-PLACE-Marie-Janson-232-07012023-300x200.jpg 300w, https:\/\/quartiers1060.brussels\/wp-content\/uploads\/2023\/07\/ST-GILLES-Inauguration-PLACE-Marie-Janson-232-07012023-768x513.jpg 768w, https:\/\/quartiers1060.brussels\/wp-content\/uploads\/2023\/07\/ST-GILLES-Inauguration-PLACE-Marie-Janson-232-07012023-1536x1025.jpg 1536w, https:\/\/quartiers1060.brussels\/wp-content\/uploads\/2023\/07\/ST-GILLES-Inauguration-PLACE-Marie-Janson-232-07012023-1568x1046.jpg 1568w, https:\/\/quartiers1060.brussels\/wp-content\/uploads\/2023\/07\/ST-GILLES-Inauguration-PLACE-Marie-Janson-232-07012023-1320x881.jpg 1320w, https:\/\/quartiers1060.brussels\/wp-content\/uploads\/2023\/07\/ST-GILLES-Inauguration-PLACE-Marie-Janson-232-07012023.jpg 1798w\" sizes=\"(max-width: 1024px) 100vw, 1024px\" \/><\/a><\/figure>\n\n\n\n<figure class=\"wp-block-image size-large is-style-default\"><a href=\"https:\/\/quartiers1060.brussels\/wp-content\/uploads\/2023\/07\/ST-GILLES-Inauguration-PLACE-Marie-Janson-222-07012023.jpg\"><img loading=\"lazy\" decoding=\"async\" width=\"1024\" height=\"683\" data-id=\"10512\" src=\"https:\/\/quartiers1060.brussels\/wp-content\/uploads\/2023\/07\/ST-GILLES-Inauguration-PLACE-Marie-Janson-222-07012023-1024x683.jpg\" alt=\"\" class=\"wp-image-10512\" srcset=\"https:\/\/quartiers1060.brussels\/wp-content\/uploads\/2023\/07\/ST-GILLES-Inauguration-PLACE-Marie-Janson-222-07012023-1024x683.jpg 1024w, https:\/\/quartiers1060.brussels\/wp-content\/uploads\/2023\/07\/ST-GILLES-Inauguration-PLACE-Marie-Janson-222-07012023-300x200.jpg 300w, https:\/\/quartiers1060.brussels\/wp-content\/uploads\/2023\/07\/ST-GILLES-Inauguration-PLACE-Marie-Janson-222-07012023-768x513.jpg 768w, https:\/\/quartiers1060.brussels\/wp-content\/uploads\/2023\/07\/ST-GILLES-Inauguration-PLACE-Marie-Janson-222-07012023-1536x1025.jpg 1536w, https:\/\/quartiers1060.brussels\/wp-content\/uploads\/2023\/07\/ST-GILLES-Inauguration-PLACE-Marie-Janson-222-07012023-1568x1046.jpg 1568w, https:\/\/quartiers1060.brussels\/wp-content\/uploads\/2023\/07\/ST-GILLES-Inauguration-PLACE-Marie-Janson-222-07012023-1320x881.jpg 1320w, https:\/\/quartiers1060.brussels\/wp-content\/uploads\/2023\/07\/ST-GILLES-Inauguration-PLACE-Marie-Janson-222-07012023.jpg 1798w\" sizes=\"(max-width: 1024px) 100vw, 1024px\" \/><\/a><\/figure>\n<\/figure>\n\n\n\n<div style=\"height:20px\" aria-hidden=\"true\" class=\"wp-block-spacer\"><\/div>\n\n\n\n<p class=\"has-text-align-left\"><strong><strong>In samenwerking met<\/strong><\/strong>\u00a0: LE\u00a0<a href=\"https:\/\/stgilles.brussels\/services\/jeunesse-2\/le-cube\/\" target=\"_blank\" rel=\"noreferrer noopener\">CUBE<\/a>,\u00a0<a href=\"https:\/\/www.sg-sport.be\/home3.asp?ClubID=45&amp;LG=FR\" target=\"_blank\" rel=\"noreferrer noopener\">SAINT-GILLES SPORT<\/a>,\u00a0<a href=\"https:\/\/rusg.brussels\/union-foundation\" target=\"_blank\" rel=\"noreferrer noopener\">UNION FOUNDATION<\/a>,\u00a0<a href=\"https:\/\/www.remorquable.be\/fr\/\" target=\"_blank\" rel=\"noreferrer noopener\">REMORQUABLE<\/a>,\u00a0<a href=\"https:\/\/quartiers1060.brussels\/le-parc-paulus-est-ouvert\/\" target=\"_blank\" rel=\"noreferrer noopener\">BOULODROME CHARLES PICQU<\/a>E,\u00a0<br><a href=\"https:\/\/letheatredespoetes.be\/\" target=\"_blank\" rel=\"noreferrer noopener\">LE THEATRE DES POETES<\/a>,\u00a0<a href=\"http:\/\/www.afrokata.com\/infos.html\" target=\"_blank\" rel=\"noreferrer noopener\">AFROKATA<\/a><\/p>\n","protected":false},"excerpt":{"rendered":"<p>Op zaterdag 1 juli werd het Marie Jansonplein teruggegeven aan de inwoners van Sint-Gillis. <\/p>\n","protected":false},"author":2,"featured_media":10519,"comment_status":"closed","ping_status":"closed","sticky":false,"template":"","format":"standard","meta":{"_acf_changed":false,"om_disable_all_campaigns":false,"footnotes":""},"categories":[54,64,62],"tags":[],"class_list":["post-10542","post","type-post","status-publish","format-standard","has-post-thumbnail","hentry","category-cqd-actualiteiten","category-openbare-ruimte","category-participatie","entry"],"acf":[],"yoast_head":"<!-- This site is optimized with the Yoast SEO plugin v27.5 - https:\/\/yoast.com\/product\/yoast-seo-wordpress\/ -->\n<title>Marie Jansonplein is open! - Stedelijke herwaarding<\/title>\n<meta name=\"robots\" content=\"index, follow, max-snippet:-1, max-image-preview:large, max-video-preview:-1\" \/>\n<link rel=\"canonical\" href=\"https:\/\/quartiers1060.brussels\/nl\/marie-jansonplein-is-open\/\" \/>\n<meta property=\"og:locale\" content=\"nl_NL\" \/>\n<meta property=\"og:type\" content=\"article\" \/>\n<meta property=\"og:title\" content=\"Marie Jansonplein is open! - Stedelijke herwaarding\" \/>\n<meta property=\"og:description\" content=\"Op zaterdag 1 juli werd het Marie Jansonplein teruggegeven aan de inwoners van Sint-Gillis.\" \/>\n<meta property=\"og:url\" content=\"https:\/\/quartiers1060.brussels\/nl\/marie-jansonplein-is-open\/\" \/>\n<meta property=\"og:site_name\" content=\"Stedelijke herwaarding\" \/>\n<meta property=\"article:published_time\" content=\"2023-07-03T08:04:38+00:00\" \/>\n<meta property=\"article:modified_time\" content=\"2023-07-03T08:04:39+00:00\" \/>\n<meta property=\"og:image\" content=\"http:\/\/quartiers1060.brussels\/wp-content\/uploads\/2023\/07\/ST-GILLES-Inauguration-PLACE-Marie-Janson-235-07012023.jpg\" \/>\n\t<meta property=\"og:image:width\" content=\"1798\" \/>\n\t<meta property=\"og:image:height\" content=\"1200\" \/>\n\t<meta property=\"og:image:type\" content=\"image\/jpeg\" \/>\n<meta name=\"author\" content=\"Amandine\" \/>\n<meta name=\"twitter:card\" content=\"summary_large_image\" \/>\n<meta name=\"twitter:label1\" content=\"Geschreven door\" \/>\n\t<meta name=\"twitter:data1\" content=\"Amandine\" \/>\n\t<meta name=\"twitter:label2\" content=\"Geschatte leestijd\" \/>\n\t<meta name=\"twitter:data2\" content=\"8 minuten\" \/>\n<script type=\"application\/ld+json\" class=\"yoast-schema-graph\">{\"@context\":\"https:\\\/\\\/schema.org\",\"@graph\":[{\"@type\":\"Article\",\"@id\":\"https:\\\/\\\/quartiers1060.brussels\\\/nl\\\/marie-jansonplein-is-open\\\/#article\",\"isPartOf\":{\"@id\":\"https:\\\/\\\/quartiers1060.brussels\\\/nl\\\/marie-jansonplein-is-open\\\/\"},\"author\":{\"name\":\"Amandine\",\"@id\":\"https:\\\/\\\/quartiers1060.brussels\\\/#\\\/schema\\\/person\\\/eba0fa952ebfcfe8c6c6e64ab84cc35c\"},\"headline\":\"Marie Jansonplein is open!\",\"datePublished\":\"2023-07-03T08:04:38+00:00\",\"dateModified\":\"2023-07-03T08:04:39+00:00\",\"mainEntityOfPage\":{\"@id\":\"https:\\\/\\\/quartiers1060.brussels\\\/nl\\\/marie-jansonplein-is-open\\\/\"},\"wordCount\":111,\"publisher\":{\"@id\":\"https:\\\/\\\/quartiers1060.brussels\\\/#organization\"},\"image\":{\"@id\":\"https:\\\/\\\/quartiers1060.brussels\\\/nl\\\/marie-jansonplein-is-open\\\/#primaryimage\"},\"thumbnailUrl\":\"https:\\\/\\\/quartiers1060.brussels\\\/wp-content\\\/uploads\\\/2023\\\/07\\\/ST-GILLES-Inauguration-PLACE-Marie-Janson-235-07012023.jpg\",\"articleSection\":[\"DWC - Nieuws\",\"Openbare ruimte\",\"Participatie\"],\"inLanguage\":\"nl-NL\"},{\"@type\":\"WebPage\",\"@id\":\"https:\\\/\\\/quartiers1060.brussels\\\/nl\\\/marie-jansonplein-is-open\\\/\",\"url\":\"https:\\\/\\\/quartiers1060.brussels\\\/nl\\\/marie-jansonplein-is-open\\\/\",\"name\":\"Marie Jansonplein is open! - Stedelijke herwaarding\",\"isPartOf\":{\"@id\":\"https:\\\/\\\/quartiers1060.brussels\\\/#website\"},\"primaryImageOfPage\":{\"@id\":\"https:\\\/\\\/quartiers1060.brussels\\\/nl\\\/marie-jansonplein-is-open\\\/#primaryimage\"},\"image\":{\"@id\":\"https:\\\/\\\/quartiers1060.brussels\\\/nl\\\/marie-jansonplein-is-open\\\/#primaryimage\"},\"thumbnailUrl\":\"https:\\\/\\\/quartiers1060.brussels\\\/wp-content\\\/uploads\\\/2023\\\/07\\\/ST-GILLES-Inauguration-PLACE-Marie-Janson-235-07012023.jpg\",\"datePublished\":\"2023-07-03T08:04:38+00:00\",\"dateModified\":\"2023-07-03T08:04:39+00:00\",\"breadcrumb\":{\"@id\":\"https:\\\/\\\/quartiers1060.brussels\\\/nl\\\/marie-jansonplein-is-open\\\/#breadcrumb\"},\"inLanguage\":\"nl-NL\",\"potentialAction\":[{\"@type\":\"ReadAction\",\"target\":[\"https:\\\/\\\/quartiers1060.brussels\\\/nl\\\/marie-jansonplein-is-open\\\/\"]}]},{\"@type\":\"ImageObject\",\"inLanguage\":\"nl-NL\",\"@id\":\"https:\\\/\\\/quartiers1060.brussels\\\/nl\\\/marie-jansonplein-is-open\\\/#primaryimage\",\"url\":\"https:\\\/\\\/quartiers1060.brussels\\\/wp-content\\\/uploads\\\/2023\\\/07\\\/ST-GILLES-Inauguration-PLACE-Marie-Janson-235-07012023.jpg\",\"contentUrl\":\"https:\\\/\\\/quartiers1060.brussels\\\/wp-content\\\/uploads\\\/2023\\\/07\\\/ST-GILLES-Inauguration-PLACE-Marie-Janson-235-07012023.jpg\",\"width\":1798,\"height\":1200},{\"@type\":\"BreadcrumbList\",\"@id\":\"https:\\\/\\\/quartiers1060.brussels\\\/nl\\\/marie-jansonplein-is-open\\\/#breadcrumb\",\"itemListElement\":[{\"@type\":\"ListItem\",\"position\":1,\"name\":\"Accueil\",\"item\":\"https:\\\/\\\/quartiers1060.brussels\\\/\"},{\"@type\":\"ListItem\",\"position\":2,\"name\":\"Marie Jansonplein is open!\"}]},{\"@type\":\"WebSite\",\"@id\":\"https:\\\/\\\/quartiers1060.brussels\\\/#website\",\"url\":\"https:\\\/\\\/quartiers1060.brussels\\\/\",\"name\":\"Stedelijke herwaarding\",\"description\":\"- Sint-Gillis\",\"publisher\":{\"@id\":\"https:\\\/\\\/quartiers1060.brussels\\\/#organization\"},\"potentialAction\":[{\"@type\":\"SearchAction\",\"target\":{\"@type\":\"EntryPoint\",\"urlTemplate\":\"https:\\\/\\\/quartiers1060.brussels\\\/?s={search_term_string}\"},\"query-input\":{\"@type\":\"PropertyValueSpecification\",\"valueRequired\":true,\"valueName\":\"search_term_string\"}}],\"inLanguage\":\"nl-NL\"},{\"@type\":\"Organization\",\"@id\":\"https:\\\/\\\/quartiers1060.brussels\\\/#organization\",\"name\":\"Saint-Gilles\",\"url\":\"https:\\\/\\\/quartiers1060.brussels\\\/\",\"logo\":{\"@type\":\"ImageObject\",\"inLanguage\":\"nl-NL\",\"@id\":\"https:\\\/\\\/quartiers1060.brussels\\\/#\\\/schema\\\/logo\\\/image\\\/\",\"url\":\"https:\\\/\\\/quartiers1060.brussels\\\/wp-content\\\/uploads\\\/2021\\\/06\\\/RevitUrbaine_Saint-Gilles.svg\",\"contentUrl\":\"https:\\\/\\\/quartiers1060.brussels\\\/wp-content\\\/uploads\\\/2021\\\/06\\\/RevitUrbaine_Saint-Gilles.svg\",\"width\":243.17,\"height\":68.96,\"caption\":\"Saint-Gilles\"},\"image\":{\"@id\":\"https:\\\/\\\/quartiers1060.brussels\\\/#\\\/schema\\\/logo\\\/image\\\/\"}},{\"@type\":\"Person\",\"@id\":\"https:\\\/\\\/quartiers1060.brussels\\\/#\\\/schema\\\/person\\\/eba0fa952ebfcfe8c6c6e64ab84cc35c\",\"name\":\"Amandine\"}]}<\/script>\n<!-- \/ Yoast SEO plugin. -->","yoast_head_json":{"title":"Marie Jansonplein is open! - Stedelijke herwaarding","robots":{"index":"index","follow":"follow","max-snippet":"max-snippet:-1","max-image-preview":"max-image-preview:large","max-video-preview":"max-video-preview:-1"},"canonical":"https:\/\/quartiers1060.brussels\/nl\/marie-jansonplein-is-open\/","og_locale":"nl_NL","og_type":"article","og_title":"Marie Jansonplein is open! - Stedelijke herwaarding","og_description":"Op zaterdag 1 juli werd het Marie Jansonplein teruggegeven aan de inwoners van Sint-Gillis.","og_url":"https:\/\/quartiers1060.brussels\/nl\/marie-jansonplein-is-open\/","og_site_name":"Stedelijke herwaarding","article_published_time":"2023-07-03T08:04:38+00:00","article_modified_time":"2023-07-03T08:04:39+00:00","og_image":[{"width":1798,"height":1200,"url":"http:\/\/quartiers1060.brussels\/wp-content\/uploads\/2023\/07\/ST-GILLES-Inauguration-PLACE-Marie-Janson-235-07012023.jpg","type":"image\/jpeg"}],"author":"Amandine","twitter_card":"summary_large_image","twitter_misc":{"Geschreven door":"Amandine","Geschatte leestijd":"8 minuten"},"schema":{"@context":"https:\/\/schema.org","@graph":[{"@type":"Article","@id":"https:\/\/quartiers1060.brussels\/nl\/marie-jansonplein-is-open\/#article","isPartOf":{"@id":"https:\/\/quartiers1060.brussels\/nl\/marie-jansonplein-is-open\/"},"author":{"name":"Amandine","@id":"https:\/\/quartiers1060.brussels\/#\/schema\/person\/eba0fa952ebfcfe8c6c6e64ab84cc35c"},"headline":"Marie Jansonplein is open!","datePublished":"2023-07-03T08:04:38+00:00","dateModified":"2023-07-03T08:04:39+00:00","mainEntityOfPage":{"@id":"https:\/\/quartiers1060.brussels\/nl\/marie-jansonplein-is-open\/"},"wordCount":111,"publisher":{"@id":"https:\/\/quartiers1060.brussels\/#organization"},"image":{"@id":"https:\/\/quartiers1060.brussels\/nl\/marie-jansonplein-is-open\/#primaryimage"},"thumbnailUrl":"https:\/\/quartiers1060.brussels\/wp-content\/uploads\/2023\/07\/ST-GILLES-Inauguration-PLACE-Marie-Janson-235-07012023.jpg","articleSection":["DWC - Nieuws","Openbare ruimte","Participatie"],"inLanguage":"nl-NL"},{"@type":"WebPage","@id":"https:\/\/quartiers1060.brussels\/nl\/marie-jansonplein-is-open\/","url":"https:\/\/quartiers1060.brussels\/nl\/marie-jansonplein-is-open\/","name":"Marie Jansonplein is open! - Stedelijke herwaarding","isPartOf":{"@id":"https:\/\/quartiers1060.brussels\/#website"},"primaryImageOfPage":{"@id":"https:\/\/quartiers1060.brussels\/nl\/marie-jansonplein-is-open\/#primaryimage"},"image":{"@id":"https:\/\/quartiers1060.brussels\/nl\/marie-jansonplein-is-open\/#primaryimage"},"thumbnailUrl":"https:\/\/quartiers1060.brussels\/wp-content\/uploads\/2023\/07\/ST-GILLES-Inauguration-PLACE-Marie-Janson-235-07012023.jpg","datePublished":"2023-07-03T08:04:38+00:00","dateModified":"2023-07-03T08:04:39+00:00","breadcrumb":{"@id":"https:\/\/quartiers1060.brussels\/nl\/marie-jansonplein-is-open\/#breadcrumb"},"inLanguage":"nl-NL","potentialAction":[{"@type":"ReadAction","target":["https:\/\/quartiers1060.brussels\/nl\/marie-jansonplein-is-open\/"]}]},{"@type":"ImageObject","inLanguage":"nl-NL","@id":"https:\/\/quartiers1060.brussels\/nl\/marie-jansonplein-is-open\/#primaryimage","url":"https:\/\/quartiers1060.brussels\/wp-content\/uploads\/2023\/07\/ST-GILLES-Inauguration-PLACE-Marie-Janson-235-07012023.jpg","contentUrl":"https:\/\/quartiers1060.brussels\/wp-content\/uploads\/2023\/07\/ST-GILLES-Inauguration-PLACE-Marie-Janson-235-07012023.jpg","width":1798,"height":1200},{"@type":"BreadcrumbList","@id":"https:\/\/quartiers1060.brussels\/nl\/marie-jansonplein-is-open\/#breadcrumb","itemListElement":[{"@type":"ListItem","position":1,"name":"Accueil","item":"https:\/\/quartiers1060.brussels\/"},{"@type":"ListItem","position":2,"name":"Marie Jansonplein is open!"}]},{"@type":"WebSite","@id":"https:\/\/quartiers1060.brussels\/#website","url":"https:\/\/quartiers1060.brussels\/","name":"Stedelijke herwaarding","description":"- Sint-Gillis","publisher":{"@id":"https:\/\/quartiers1060.brussels\/#organization"},"potentialAction":[{"@type":"SearchAction","target":{"@type":"EntryPoint","urlTemplate":"https:\/\/quartiers1060.brussels\/?s={search_term_string}"},"query-input":{"@type":"PropertyValueSpecification","valueRequired":true,"valueName":"search_term_string"}}],"inLanguage":"nl-NL"},{"@type":"Organization","@id":"https:\/\/quartiers1060.brussels\/#organization","name":"Saint-Gilles","url":"https:\/\/quartiers1060.brussels\/","logo":{"@type":"ImageObject","inLanguage":"nl-NL","@id":"https:\/\/quartiers1060.brussels\/#\/schema\/logo\/image\/","url":"https:\/\/quartiers1060.brussels\/wp-content\/uploads\/2021\/06\/RevitUrbaine_Saint-Gilles.svg","contentUrl":"https:\/\/quartiers1060.brussels\/wp-content\/uploads\/2021\/06\/RevitUrbaine_Saint-Gilles.svg","width":243.17,"height":68.96,"caption":"Saint-Gilles"},"image":{"@id":"https:\/\/quartiers1060.brussels\/#\/schema\/logo\/image\/"}},{"@type":"Person","@id":"https:\/\/quartiers1060.brussels\/#\/schema\/person\/eba0fa952ebfcfe8c6c6e64ab84cc35c","name":"Amandine"}]}},"_links":{"self":[{"href":"https:\/\/quartiers1060.brussels\/nl\/wp-json\/wp\/v2\/posts\/10542","targetHints":{"allow":["GET"]}}],"collection":[{"href":"https:\/\/quartiers1060.brussels\/nl\/wp-json\/wp\/v2\/posts"}],"about":[{"href":"https:\/\/quartiers1060.brussels\/nl\/wp-json\/wp\/v2\/types\/post"}],"author":[{"embeddable":true,"href":"https:\/\/quartiers1060.brussels\/nl\/wp-json\/wp\/v2\/users\/2"}],"replies":[{"embeddable":true,"href":"https:\/\/quartiers1060.brussels\/nl\/wp-json\/wp\/v2\/comments?post=10542"}],"version-history":[{"count":4,"href":"https:\/\/quartiers1060.brussels\/nl\/wp-json\/wp\/v2\/posts\/10542\/revisions"}],"predecessor-version":[{"id":10546,"href":"https:\/\/quartiers1060.brussels\/nl\/wp-json\/wp\/v2\/posts\/10542\/revisions\/10546"}],"wp:featuredmedia":[{"embeddable":true,"href":"https:\/\/quartiers1060.brussels\/nl\/wp-json\/wp\/v2\/media\/10519"}],"wp:attachment":[{"href":"https:\/\/quartiers1060.brussels\/nl\/wp-json\/wp\/v2\/media?parent=10542"}],"wp:term":[{"taxonomy":"category","embeddable":true,"href":"https:\/\/quartiers1060.brussels\/nl\/wp-json\/wp\/v2\/categories?post=10542"},{"taxonomy":"post_tag","embeddable":true,"href":"https:\/\/quartiers1060.brussels\/nl\/wp-json\/wp\/v2\/tags?post=10542"}],"curies":[{"name":"wp","href":"https:\/\/api.w.org\/{rel}","templated":true}]}}