{"id":14926,"date":"2026-01-05T11:27:18","date_gmt":"2026-01-05T10:27:18","guid":{"rendered":"https:\/\/quartiers1060.brussels\/et-si-vous-participiez-a-la-vegetalisation-de-votre-quartier\/"},"modified":"2026-01-26T14:10:10","modified_gmt":"2026-01-26T13:10:10","slug":"er-komen-binnenkort-nieuwe-plantvakken-in-uw-straten","status":"publish","type":"post","link":"https:\/\/quartiers1060.brussels\/nl\/er-komen-binnenkort-nieuwe-plantvakken-in-uw-straten\/","title":{"rendered":"Er komen binnenkort nieuwe plantvakken in uw straten."},"content":{"rendered":"\n<h4 class=\"wp-block-heading\"><mark style=\"background-color:rgba(0, 0, 0, 0)\" class=\"has-inline-color has-bleucqd-color\">En wat als u zou deelnemen aan de vergroening van uw wijk?<\/mark><\/h4>\n\n\n\n<p>Sint-Gillis is volop in verandering: meer planten, meer kleur, meer leven. Om dit project waar te maken, werkt de CVU (Cel voor Stedelijke Vergroening van Sint-Gillis) samen met Krinkels, een bedrijf dat veel houdt van bomen, planten en bloeiende openbare ruimtes.<\/p>\n\n\n\n<p><strong>Het doel? <\/strong>De natuur terugbrengen in de straten en de bewoners betrekken bij de verandering van hun leefomgeving. Samen zullen we twintig plantvakken aanleggen en uitbreiden, verspreid over negen zones. In deze plantvakken komen lokale en bijenvriendelijke kruidachtige planten, ideaal voor de biodiversiteit en om Sint-Gillis opnieuw kleur te geven.<\/p>\n\n\n\n<h5 class=\"wp-block-heading\"><strong><mark style=\"background-color:rgba(0, 0, 0, 0)\" class=\"has-inline-color has-bleucqd-color\">Hoe gaat dat in zijn werk?<\/mark><\/strong> <\/h5>\n\n\n\n<p>Dit participatieve vergroeningproject zal verschillende plekken in de wijk vergroenen door nieuwe plantvakken aan te leggen. Zodra een zone klaar is, worden de buurtbewoners ge\u00efnformeerd en uitgenodigd om de nieuwe plantvakken te ontdekken en deel te nemen aan toekomstige activiteiten rond de aanplantingen.<br>Een mooie kans om meer te leren over plantenverzorging en om uw wijk stap voor stap te zien opbloeien.<\/p>\n\n\n\n<p>U kunt de voortgang van de installaties volgen via onze <strong>plantkalender<\/strong>. Deze bevat ook een interactieve kaart met (zeer binnenkort) een fiche met informatie over elke plant.<\/p>\n\n\n\n<div style=\"height:15px\" aria-hidden=\"true\" class=\"wp-block-spacer\"><\/div>\n\n\n\n<div class=\"wp-block-buttons is-content-justification-left is-layout-flex wp-container-core-buttons-is-layout-fdcfc74e wp-block-buttons-is-layout-flex\">\n<div class=\"wp-block-button\"><a class=\"wp-block-button__link wp-element-button\" href=\"https:\/\/umap.openstreetmap.fr\/fr\/map\/votre-rue-de-vegetalise_1339494#16\/50.8351\/4.3359\">Plantkalender<\/a><\/div>\n<\/div>\n\n\n\n<div style=\"height:25px\" aria-hidden=\"true\" class=\"wp-block-spacer\"><\/div>\n\n\n\n<h5 class=\"wp-block-heading\"><strong><mark style=\"background-color:rgba(0, 0, 0, 0)\" class=\"has-inline-color has-bleucqd-color\">De aanplantingen worden uitgevoerd door een team van professionals, maar daarna is het <strong>aan jullie<\/strong>! U kunt<\/mark><\/strong> <strong><mark style=\"background-color:rgba(0, 0, 0, 0)\" class=\"has-inline-color has-bleucqd-color\">:<\/mark><\/strong><\/h5>\n\n\n\n<div style=\"height:20px\" aria-hidden=\"true\" class=\"wp-block-spacer\"><\/div>\n\n\n\n<ul class=\"wp-block-list\">\n<li>Een oogje in het zeil houden bij de plantvakken in uw straat en de gemeente verwittigen als de planten hulp nodig hebben.<\/li>\n\n\n\n<li>Helpen bij het onderhoud (water geven, schoonmaken, wieden).<\/li>\n\n\n\n<li>Foto\u2019s of idee\u00ebn delen om de burgerparticipatie te versterken.<\/li>\n\n\n\n<li>Uw buren en vrienden motiveren om mee te doen aan dit groene avontuur.<\/li>\n\n\n\n<li>En vooral: de planten wat liefde geven\u2026 en waarom niet met hen praten? Men zegt dat dat hen goed doet!<\/li>\n<\/ul>\n\n\n\n<div style=\"height:6px\" aria-hidden=\"true\" class=\"wp-block-spacer\"><\/div>\n\n\n\n<h5 class=\"wp-block-heading\"><strong><mark style=\"background-color:rgba(0, 0, 0, 0)\" class=\"has-inline-color has-bleucqd-color\">Word plantvak-referent !<\/mark><\/strong> <\/h5>\n\n\n\n<div style=\"height:8px\" aria-hidden=\"true\" class=\"wp-block-spacer\"><\/div>\n\n\n\n<p>Wilt u zich nog meer engageren? Goed nieuws: we zijn op zoek naar <strong>plantvak-referenten<\/strong> om de aanplantingen te volgen en over hun welzijn te waken doorheen de seizoenen. Als referent speelt u een belangrijke rol: u observeert de plantvakken, geeft informatie door aan de CVU en helpt mee om deze nieuwe groene plekken in goede vorm te houden.<\/p>\n\n\n\n<p>U hoeft geen expert te zijn of groene vingers te hebben. Een beetje nieuwsgierigheid, aandacht en zin om bij te dragen aan het welzijn van de natuur is voldoende.<\/p>\n\n\n\n<p>Er wordt een korte infosessie georganiseerd in aanwezigheid van de CVU en Krinkels om u de juiste handelingen en enkele tips te geven voor het goede onderhoud van de plantvakken.<\/p>\n","protected":false},"excerpt":{"rendered":"<p>De Zuidwijk verandert stap voor stap: meer groen, meer kleur, meer leven. De Cel Stedelijke Vergroening van Sint-Gillis lanceert een project voor de herinrichting van de openbare ruimte. In de wijk worden 20 nieuwe plantvakken aangelegd, met lokale en bijenvriendelijke planten. Het gaat om een collectief en burgergericht project, bedacht m\u00e9t en voor de bewoners.<\/p>\n","protected":false},"author":3,"featured_media":14117,"comment_status":"closed","ping_status":"closed","sticky":false,"template":"","format":"standard","meta":{"_acf_changed":false,"om_disable_all_campaigns":false,"footnotes":""},"categories":[66,69,54,64,62],"tags":[183,117,109,186,148,181,142,182,189,188,143,187,112,184,134,185],"class_list":["post-14926","post","type-post","status-publish","format-standard","has-post-thumbnail","hentry","category-bewonersinitiatieven","category-cqd-evenementen","category-cqd-actualiteiten","category-openbare-ruimte","category-participatie","tag-bloemen","tag-brussels","tag-bruxelles-nl","tag-burgerparticipatie","tag-fleurs-nl","tag-fosses-vegetales","tag-participation-citoyenne-nl","tag-pdv","tag-plantenbakken","tag-plantengroeven","tag-plantes-nl","tag-pvd","tag-saint-gilles-nl","tag-sint-gillis-2","tag-vegetalisation-nl","tag-vergroening","entry"],"acf":[],"yoast_head":"<!-- This site is optimized with the Yoast SEO plugin v27.4 - https:\/\/yoast.com\/product\/yoast-seo-wordpress\/ -->\n<title>Er komen binnenkort nieuwe plantvakken in uw straten. - Stedelijke herwaarding<\/title>\n<meta name=\"description\" content=\"Stedelijke herwaarding Er komen binnenkort nieuwe plantvakken in uw straten. DWC - Nieuws -\" \/>\n<meta name=\"robots\" content=\"index, follow, max-snippet:-1, max-image-preview:large, max-video-preview:-1\" \/>\n<link rel=\"canonical\" href=\"https:\/\/quartiers1060.brussels\/nl\/er-komen-binnenkort-nieuwe-plantvakken-in-uw-straten\/\" \/>\n<meta property=\"og:locale\" content=\"nl_NL\" \/>\n<meta property=\"og:type\" content=\"article\" \/>\n<meta property=\"og:title\" content=\"Er komen binnenkort nieuwe plantvakken in uw straten. - Stedelijke herwaarding\" \/>\n<meta property=\"og:description\" content=\"Stedelijke herwaarding Er komen binnenkort nieuwe plantvakken in uw straten. DWC - Nieuws -\" \/>\n<meta property=\"og:url\" content=\"https:\/\/quartiers1060.brussels\/nl\/er-komen-binnenkort-nieuwe-plantvakken-in-uw-straten\/\" \/>\n<meta property=\"og:site_name\" content=\"Stedelijke herwaarding\" \/>\n<meta property=\"article:published_time\" content=\"2026-01-05T10:27:18+00:00\" \/>\n<meta property=\"article:modified_time\" content=\"2026-01-26T13:10:10+00:00\" \/>\n<meta property=\"og:image\" content=\"http:\/\/quartiers1060.brussels\/wp-content\/uploads\/2025\/08\/alexander-sinn-Uj8jEOn0KwE-unsplash-scaled.jpg\" \/>\n\t<meta property=\"og:image:width\" content=\"2560\" \/>\n\t<meta property=\"og:image:height\" content=\"1710\" \/>\n\t<meta property=\"og:image:type\" content=\"image\/jpeg\" \/>\n<meta name=\"author\" content=\"D\u00e9borah lozano\" \/>\n<meta name=\"twitter:card\" content=\"summary_large_image\" \/>\n<meta name=\"twitter:label1\" content=\"Geschreven door\" \/>\n\t<meta name=\"twitter:data1\" content=\"D\u00e9borah lozano\" \/>\n\t<meta name=\"twitter:label2\" content=\"Geschatte leestijd\" \/>\n\t<meta name=\"twitter:data2\" content=\"3 minuten\" \/>\n<script type=\"application\/ld+json\" class=\"yoast-schema-graph\">{\"@context\":\"https:\\\/\\\/schema.org\",\"@graph\":[{\"@type\":\"Article\",\"@id\":\"https:\\\/\\\/quartiers1060.brussels\\\/nl\\\/er-komen-binnenkort-nieuwe-plantvakken-in-uw-straten\\\/#article\",\"isPartOf\":{\"@id\":\"https:\\\/\\\/quartiers1060.brussels\\\/nl\\\/er-komen-binnenkort-nieuwe-plantvakken-in-uw-straten\\\/\"},\"author\":{\"name\":\"D\u00e9borah lozano\",\"@id\":\"https:\\\/\\\/quartiers1060.brussels\\\/#\\\/schema\\\/person\\\/614a48b133190b8ad48bff97adb89e7e\"},\"headline\":\"Er komen binnenkort nieuwe plantvakken in uw straten.\",\"datePublished\":\"2026-01-05T10:27:18+00:00\",\"dateModified\":\"2026-01-26T13:10:10+00:00\",\"mainEntityOfPage\":{\"@id\":\"https:\\\/\\\/quartiers1060.brussels\\\/nl\\\/er-komen-binnenkort-nieuwe-plantvakken-in-uw-straten\\\/\"},\"wordCount\":418,\"publisher\":{\"@id\":\"https:\\\/\\\/quartiers1060.brussels\\\/#organization\"},\"image\":{\"@id\":\"https:\\\/\\\/quartiers1060.brussels\\\/nl\\\/er-komen-binnenkort-nieuwe-plantvakken-in-uw-straten\\\/#primaryimage\"},\"thumbnailUrl\":\"https:\\\/\\\/quartiers1060.brussels\\\/wp-content\\\/uploads\\\/2025\\\/08\\\/alexander-sinn-Uj8jEOn0KwE-unsplash-scaled.jpg\",\"keywords\":[\"bloemen\",\"brussels\",\"Bruxelles\",\"burgerparticipatie\",\"fleurs\",\"fosses v\u00e9g\u00e9tales\",\"participation citoyenne\",\"PDV\",\"plantenbakken\",\"plantengroeven\",\"plantes\",\"PVD\",\"Saint-Gilles\",\"sint gillis\",\"v\u00e9g\u00e9talisation\",\"vergroening\"],\"articleSection\":[\"Bewonersinitiatieven\",\"CQD-Evenementen\",\"DWC - Nieuws\",\"Openbare ruimte\",\"Participatie\"],\"inLanguage\":\"nl-NL\"},{\"@type\":\"WebPage\",\"@id\":\"https:\\\/\\\/quartiers1060.brussels\\\/nl\\\/er-komen-binnenkort-nieuwe-plantvakken-in-uw-straten\\\/\",\"url\":\"https:\\\/\\\/quartiers1060.brussels\\\/nl\\\/er-komen-binnenkort-nieuwe-plantvakken-in-uw-straten\\\/\",\"name\":\"Er komen binnenkort nieuwe plantvakken in uw straten. - Stedelijke herwaarding\",\"isPartOf\":{\"@id\":\"https:\\\/\\\/quartiers1060.brussels\\\/#website\"},\"primaryImageOfPage\":{\"@id\":\"https:\\\/\\\/quartiers1060.brussels\\\/nl\\\/er-komen-binnenkort-nieuwe-plantvakken-in-uw-straten\\\/#primaryimage\"},\"image\":{\"@id\":\"https:\\\/\\\/quartiers1060.brussels\\\/nl\\\/er-komen-binnenkort-nieuwe-plantvakken-in-uw-straten\\\/#primaryimage\"},\"thumbnailUrl\":\"https:\\\/\\\/quartiers1060.brussels\\\/wp-content\\\/uploads\\\/2025\\\/08\\\/alexander-sinn-Uj8jEOn0KwE-unsplash-scaled.jpg\",\"datePublished\":\"2026-01-05T10:27:18+00:00\",\"dateModified\":\"2026-01-26T13:10:10+00:00\",\"description\":\"Stedelijke herwaarding Er komen binnenkort nieuwe plantvakken in uw straten. DWC - Nieuws -\",\"breadcrumb\":{\"@id\":\"https:\\\/\\\/quartiers1060.brussels\\\/nl\\\/er-komen-binnenkort-nieuwe-plantvakken-in-uw-straten\\\/#breadcrumb\"},\"inLanguage\":\"nl-NL\",\"potentialAction\":[{\"@type\":\"ReadAction\",\"target\":[\"https:\\\/\\\/quartiers1060.brussels\\\/nl\\\/er-komen-binnenkort-nieuwe-plantvakken-in-uw-straten\\\/\"]}]},{\"@type\":\"ImageObject\",\"inLanguage\":\"nl-NL\",\"@id\":\"https:\\\/\\\/quartiers1060.brussels\\\/nl\\\/er-komen-binnenkort-nieuwe-plantvakken-in-uw-straten\\\/#primaryimage\",\"url\":\"https:\\\/\\\/quartiers1060.brussels\\\/wp-content\\\/uploads\\\/2025\\\/08\\\/alexander-sinn-Uj8jEOn0KwE-unsplash-scaled.jpg\",\"contentUrl\":\"https:\\\/\\\/quartiers1060.brussels\\\/wp-content\\\/uploads\\\/2025\\\/08\\\/alexander-sinn-Uj8jEOn0KwE-unsplash-scaled.jpg\",\"width\":2560,\"height\":1710},{\"@type\":\"BreadcrumbList\",\"@id\":\"https:\\\/\\\/quartiers1060.brussels\\\/nl\\\/er-komen-binnenkort-nieuwe-plantvakken-in-uw-straten\\\/#breadcrumb\",\"itemListElement\":[{\"@type\":\"ListItem\",\"position\":1,\"name\":\"Accueil\",\"item\":\"https:\\\/\\\/quartiers1060.brussels\\\/\"},{\"@type\":\"ListItem\",\"position\":2,\"name\":\"Er komen binnenkort nieuwe plantvakken in uw straten.\"}]},{\"@type\":\"WebSite\",\"@id\":\"https:\\\/\\\/quartiers1060.brussels\\\/#website\",\"url\":\"https:\\\/\\\/quartiers1060.brussels\\\/\",\"name\":\"Stedelijke herwaarding\",\"description\":\"- Sint-Gillis\",\"publisher\":{\"@id\":\"https:\\\/\\\/quartiers1060.brussels\\\/#organization\"},\"potentialAction\":[{\"@type\":\"SearchAction\",\"target\":{\"@type\":\"EntryPoint\",\"urlTemplate\":\"https:\\\/\\\/quartiers1060.brussels\\\/?s={search_term_string}\"},\"query-input\":{\"@type\":\"PropertyValueSpecification\",\"valueRequired\":true,\"valueName\":\"search_term_string\"}}],\"inLanguage\":\"nl-NL\"},{\"@type\":\"Organization\",\"@id\":\"https:\\\/\\\/quartiers1060.brussels\\\/#organization\",\"name\":\"Saint-Gilles\",\"url\":\"https:\\\/\\\/quartiers1060.brussels\\\/\",\"logo\":{\"@type\":\"ImageObject\",\"inLanguage\":\"nl-NL\",\"@id\":\"https:\\\/\\\/quartiers1060.brussels\\\/#\\\/schema\\\/logo\\\/image\\\/\",\"url\":\"https:\\\/\\\/quartiers1060.brussels\\\/wp-content\\\/uploads\\\/2021\\\/06\\\/RevitUrbaine_Saint-Gilles.svg\",\"contentUrl\":\"https:\\\/\\\/quartiers1060.brussels\\\/wp-content\\\/uploads\\\/2021\\\/06\\\/RevitUrbaine_Saint-Gilles.svg\",\"width\":243.17,\"height\":68.96,\"caption\":\"Saint-Gilles\"},\"image\":{\"@id\":\"https:\\\/\\\/quartiers1060.brussels\\\/#\\\/schema\\\/logo\\\/image\\\/\"}},{\"@type\":\"Person\",\"@id\":\"https:\\\/\\\/quartiers1060.brussels\\\/#\\\/schema\\\/person\\\/614a48b133190b8ad48bff97adb89e7e\",\"name\":\"D\u00e9borah lozano\"}]}<\/script>\n<!-- \/ Yoast SEO plugin. -->","yoast_head_json":{"title":"Er komen binnenkort nieuwe plantvakken in uw straten. - Stedelijke herwaarding","description":"Stedelijke herwaarding Er komen binnenkort nieuwe plantvakken in uw straten. DWC - Nieuws -","robots":{"index":"index","follow":"follow","max-snippet":"max-snippet:-1","max-image-preview":"max-image-preview:large","max-video-preview":"max-video-preview:-1"},"canonical":"https:\/\/quartiers1060.brussels\/nl\/er-komen-binnenkort-nieuwe-plantvakken-in-uw-straten\/","og_locale":"nl_NL","og_type":"article","og_title":"Er komen binnenkort nieuwe plantvakken in uw straten. - Stedelijke herwaarding","og_description":"Stedelijke herwaarding Er komen binnenkort nieuwe plantvakken in uw straten. DWC - Nieuws -","og_url":"https:\/\/quartiers1060.brussels\/nl\/er-komen-binnenkort-nieuwe-plantvakken-in-uw-straten\/","og_site_name":"Stedelijke herwaarding","article_published_time":"2026-01-05T10:27:18+00:00","article_modified_time":"2026-01-26T13:10:10+00:00","og_image":[{"width":2560,"height":1710,"url":"http:\/\/quartiers1060.brussels\/wp-content\/uploads\/2025\/08\/alexander-sinn-Uj8jEOn0KwE-unsplash-scaled.jpg","type":"image\/jpeg"}],"author":"D\u00e9borah lozano","twitter_card":"summary_large_image","twitter_misc":{"Geschreven door":"D\u00e9borah lozano","Geschatte leestijd":"3 minuten"},"schema":{"@context":"https:\/\/schema.org","@graph":[{"@type":"Article","@id":"https:\/\/quartiers1060.brussels\/nl\/er-komen-binnenkort-nieuwe-plantvakken-in-uw-straten\/#article","isPartOf":{"@id":"https:\/\/quartiers1060.brussels\/nl\/er-komen-binnenkort-nieuwe-plantvakken-in-uw-straten\/"},"author":{"name":"D\u00e9borah lozano","@id":"https:\/\/quartiers1060.brussels\/#\/schema\/person\/614a48b133190b8ad48bff97adb89e7e"},"headline":"Er komen binnenkort nieuwe plantvakken in uw straten.","datePublished":"2026-01-05T10:27:18+00:00","dateModified":"2026-01-26T13:10:10+00:00","mainEntityOfPage":{"@id":"https:\/\/quartiers1060.brussels\/nl\/er-komen-binnenkort-nieuwe-plantvakken-in-uw-straten\/"},"wordCount":418,"publisher":{"@id":"https:\/\/quartiers1060.brussels\/#organization"},"image":{"@id":"https:\/\/quartiers1060.brussels\/nl\/er-komen-binnenkort-nieuwe-plantvakken-in-uw-straten\/#primaryimage"},"thumbnailUrl":"https:\/\/quartiers1060.brussels\/wp-content\/uploads\/2025\/08\/alexander-sinn-Uj8jEOn0KwE-unsplash-scaled.jpg","keywords":["bloemen","brussels","Bruxelles","burgerparticipatie","fleurs","fosses v\u00e9g\u00e9tales","participation citoyenne","PDV","plantenbakken","plantengroeven","plantes","PVD","Saint-Gilles","sint gillis","v\u00e9g\u00e9talisation","vergroening"],"articleSection":["Bewonersinitiatieven","CQD-Evenementen","DWC - Nieuws","Openbare ruimte","Participatie"],"inLanguage":"nl-NL"},{"@type":"WebPage","@id":"https:\/\/quartiers1060.brussels\/nl\/er-komen-binnenkort-nieuwe-plantvakken-in-uw-straten\/","url":"https:\/\/quartiers1060.brussels\/nl\/er-komen-binnenkort-nieuwe-plantvakken-in-uw-straten\/","name":"Er komen binnenkort nieuwe plantvakken in uw straten. - Stedelijke herwaarding","isPartOf":{"@id":"https:\/\/quartiers1060.brussels\/#website"},"primaryImageOfPage":{"@id":"https:\/\/quartiers1060.brussels\/nl\/er-komen-binnenkort-nieuwe-plantvakken-in-uw-straten\/#primaryimage"},"image":{"@id":"https:\/\/quartiers1060.brussels\/nl\/er-komen-binnenkort-nieuwe-plantvakken-in-uw-straten\/#primaryimage"},"thumbnailUrl":"https:\/\/quartiers1060.brussels\/wp-content\/uploads\/2025\/08\/alexander-sinn-Uj8jEOn0KwE-unsplash-scaled.jpg","datePublished":"2026-01-05T10:27:18+00:00","dateModified":"2026-01-26T13:10:10+00:00","description":"Stedelijke herwaarding Er komen binnenkort nieuwe plantvakken in uw straten. DWC - Nieuws -","breadcrumb":{"@id":"https:\/\/quartiers1060.brussels\/nl\/er-komen-binnenkort-nieuwe-plantvakken-in-uw-straten\/#breadcrumb"},"inLanguage":"nl-NL","potentialAction":[{"@type":"ReadAction","target":["https:\/\/quartiers1060.brussels\/nl\/er-komen-binnenkort-nieuwe-plantvakken-in-uw-straten\/"]}]},{"@type":"ImageObject","inLanguage":"nl-NL","@id":"https:\/\/quartiers1060.brussels\/nl\/er-komen-binnenkort-nieuwe-plantvakken-in-uw-straten\/#primaryimage","url":"https:\/\/quartiers1060.brussels\/wp-content\/uploads\/2025\/08\/alexander-sinn-Uj8jEOn0KwE-unsplash-scaled.jpg","contentUrl":"https:\/\/quartiers1060.brussels\/wp-content\/uploads\/2025\/08\/alexander-sinn-Uj8jEOn0KwE-unsplash-scaled.jpg","width":2560,"height":1710},{"@type":"BreadcrumbList","@id":"https:\/\/quartiers1060.brussels\/nl\/er-komen-binnenkort-nieuwe-plantvakken-in-uw-straten\/#breadcrumb","itemListElement":[{"@type":"ListItem","position":1,"name":"Accueil","item":"https:\/\/quartiers1060.brussels\/"},{"@type":"ListItem","position":2,"name":"Er komen binnenkort nieuwe plantvakken in uw straten."}]},{"@type":"WebSite","@id":"https:\/\/quartiers1060.brussels\/#website","url":"https:\/\/quartiers1060.brussels\/","name":"Stedelijke herwaarding","description":"- Sint-Gillis","publisher":{"@id":"https:\/\/quartiers1060.brussels\/#organization"},"potentialAction":[{"@type":"SearchAction","target":{"@type":"EntryPoint","urlTemplate":"https:\/\/quartiers1060.brussels\/?s={search_term_string}"},"query-input":{"@type":"PropertyValueSpecification","valueRequired":true,"valueName":"search_term_string"}}],"inLanguage":"nl-NL"},{"@type":"Organization","@id":"https:\/\/quartiers1060.brussels\/#organization","name":"Saint-Gilles","url":"https:\/\/quartiers1060.brussels\/","logo":{"@type":"ImageObject","inLanguage":"nl-NL","@id":"https:\/\/quartiers1060.brussels\/#\/schema\/logo\/image\/","url":"https:\/\/quartiers1060.brussels\/wp-content\/uploads\/2021\/06\/RevitUrbaine_Saint-Gilles.svg","contentUrl":"https:\/\/quartiers1060.brussels\/wp-content\/uploads\/2021\/06\/RevitUrbaine_Saint-Gilles.svg","width":243.17,"height":68.96,"caption":"Saint-Gilles"},"image":{"@id":"https:\/\/quartiers1060.brussels\/#\/schema\/logo\/image\/"}},{"@type":"Person","@id":"https:\/\/quartiers1060.brussels\/#\/schema\/person\/614a48b133190b8ad48bff97adb89e7e","name":"D\u00e9borah lozano"}]}},"_links":{"self":[{"href":"https:\/\/quartiers1060.brussels\/nl\/wp-json\/wp\/v2\/posts\/14926","targetHints":{"allow":["GET"]}}],"collection":[{"href":"https:\/\/quartiers1060.brussels\/nl\/wp-json\/wp\/v2\/posts"}],"about":[{"href":"https:\/\/quartiers1060.brussels\/nl\/wp-json\/wp\/v2\/types\/post"}],"author":[{"embeddable":true,"href":"https:\/\/quartiers1060.brussels\/nl\/wp-json\/wp\/v2\/users\/3"}],"replies":[{"embeddable":true,"href":"https:\/\/quartiers1060.brussels\/nl\/wp-json\/wp\/v2\/comments?post=14926"}],"version-history":[{"count":7,"href":"https:\/\/quartiers1060.brussels\/nl\/wp-json\/wp\/v2\/posts\/14926\/revisions"}],"predecessor-version":[{"id":14944,"href":"https:\/\/quartiers1060.brussels\/nl\/wp-json\/wp\/v2\/posts\/14926\/revisions\/14944"}],"wp:featuredmedia":[{"embeddable":true,"href":"https:\/\/quartiers1060.brussels\/nl\/wp-json\/wp\/v2\/media\/14117"}],"wp:attachment":[{"href":"https:\/\/quartiers1060.brussels\/nl\/wp-json\/wp\/v2\/media?parent=14926"}],"wp:term":[{"taxonomy":"category","embeddable":true,"href":"https:\/\/quartiers1060.brussels\/nl\/wp-json\/wp\/v2\/categories?post=14926"},{"taxonomy":"post_tag","embeddable":true,"href":"https:\/\/quartiers1060.brussels\/nl\/wp-json\/wp\/v2\/tags?post=14926"}],"curies":[{"name":"wp","href":"https:\/\/api.w.org\/{rel}","templated":true}]}}