{"id":15051,"date":"2026-01-26T11:34:39","date_gmt":"2026-01-26T10:34:39","guid":{"rendered":"https:\/\/quartiers1060.brussels\/?p=15051"},"modified":"2026-01-30T09:48:17","modified_gmt":"2026-01-30T08:48:17","slug":"de-zuidwijk-maakt-plaats-voor-nieuwe-bomen","status":"publish","type":"post","link":"https:\/\/quartiers1060.brussels\/nl\/de-zuidwijk-maakt-plaats-voor-nieuwe-bomen\/","title":{"rendered":"De Zuidwijk maakt plaats voor nieuwe bomen"},"content":{"rendered":"\n<p>In het kader van het <a href=\"https:\/\/quartiers1060.brussels\/nl\/dwc\/wat-is-een-duurzaam-wijkcontract\/midi\/\" target=\"_blank\" rel=\"noreferrer noopener\">Duurzaam Wijkcontract Zuid<\/a> zet de gemeente Sint-Gillis haar engagement voort voor een aangenamere en duurzamere leefomgeving. Vorige week werden de eerste aanplantingen uitgevoerd in verschillende straten van de wijk. Daarmee ging een programma van start dat voorziet in de aanplant van <strong>17 nieuwe bomen<\/strong>, om de aanwezigheid van natuur in de stad te versterken.<\/p>\n\n\n\n<p>Sommige bewoners hebben deze eerste aanplantingen al kunnen zien, onder andere in de <a href=\"https:\/\/share.google\/o2nPTLdccl9IJq6MW\" target=\"_blank\" rel=\"noreferrer noopener\">Denemarkenstraat <\/a>en de <a href=\"https:\/\/www.google.com\/maps\/place\/Rue+Coenraets+16,+1060+Saint-Gilles\/@50.8331434,4.3358787,17z\/data=!3m1!4b1!4m6!3m5!1s0x47c3c46c74ed01f9:0x364485dfeb3dc465!8m2!3d50.8331434!4d4.3358787!16s%2Fg%2F11c2db5qxx?coh=277533&amp;entry=tts&amp;g_ep=EgoyMDI2MDEyMS4wIPu8ASoKLDEwMDc5MjA2OUgBUAM%3D&amp;skid=5aa8972b-68ba-4664-a775-2f95167c134b\">Coe<\/a><a href=\"https:\/\/www.google.com\/maps\/place\/Rue+Coenraets+16,+1060+Saint-Gilles\/@50.8331434,4.3358787,17z\/data=!3m1!4b1!4m6!3m5!1s0x47c3c46c74ed01f9:0x364485dfeb3dc465!8m2!3d50.8331434!4d4.3358787!16s%2Fg%2F11c2db5qxx?coh=277533&amp;entry=tts&amp;g_ep=EgoyMDI2MDEyMS4wIPu8ASoKLDEwMDc5MjA2OUgBUAM%3D&amp;skid=5aa8972b-68ba-4664-a775-2f95167c134b\" target=\"_blank\" rel=\"noreferrer noopener\">n<\/a><a href=\"https:\/\/www.google.com\/maps\/place\/Rue+Coenraets+16,+1060+Saint-Gilles\/@50.8331434,4.3358787,17z\/data=!3m1!4b1!4m6!3m5!1s0x47c3c46c74ed01f9:0x364485dfeb3dc465!8m2!3d50.8331434!4d4.3358787!16s%2Fg%2F11c2db5qxx?coh=277533&amp;entry=tts&amp;g_ep=EgoyMDI2MDEyMS4wIPu8ASoKLDEwMDc5MjA2OUgBUAM%3D&amp;skid=5aa8972b-68ba-4664-a775-2f95167c134b\">raetsstraat<\/a>, waar jonge bomen hun intrede hebben gedaan in de openbare ruimte.<\/p>\n\n\n\n<h4 class=\"wp-block-heading\"><mark style=\"background-color:rgba(0, 0, 0, 0)\" class=\"has-inline-color has-bleucqd-color\">Waarom nieuwe bomen planten?<\/mark><\/h4>\n\n\n\n<p>Deze nieuwe aanplantingen beantwoorden aan verschillende belangrijke doelstellingen:<\/p>\n\n\n\n<ul class=\"wp-block-list\">\n<li><strong>Schaduw en verkoeling brengen, <\/strong>vooral tijdens warme periodes;<\/li>\n\n\n\n<li><strong>De luchtkwaliteit<\/strong> en het ademcomfort verbeteren;<\/li>\n\n\n\n<li><strong>De infiltratie van regenwater<\/strong> bevorderen en afstroming beperken;<\/li>\n\n\n\n<li><strong>De aantrekkelijkheid en de gezelligheid<\/strong> van de openbare ruimte versterken.<\/li>\n<\/ul>\n\n\n\n<p>Naast hun ecologische rol dragen bomen ook bij aan het welzijn van de bewoners en aan de landschappelijke identiteit van de wijk.<\/p>\n\n\n\n<h4 class=\"wp-block-heading\"><mark style=\"background-color:rgba(0, 0, 0, 0)\" class=\"has-inline-color has-bleucqd-color\">En nu?<\/mark><\/h4>\n\n\n\n<p>Andere aanplantingen zijn gepland binnen de perimeter van het Duurzaam Wijkcontract Zuid, onder andere via de aanleg van <strong>nieuwe plantvakken<\/strong> in verschillende straten. Deze ingrepen passen binnen een langetermijnvisie die de wijk beter wil wapenen tegen de klimaatuitdagingen.<\/p>\n\n\n\n<p>Zin om meer te weten? Alle informatie over het project vindt u <a href=\"https:\/\/quartiers1060.brussels\/nl\/chantier\/20-nieuwe-bomen-in-de-wijk\/\" target=\"_blank\" rel=\"noreferrer noopener\">hier<\/a><\/p>\n\n\n\n<div style=\"height:14px\" aria-hidden=\"true\" class=\"wp-block-spacer\"><\/div>\n\n\n\n<figure class=\"wp-block-gallery has-nested-images columns-default is-cropped wp-block-gallery-1 is-layout-flex wp-block-gallery-is-layout-flex\" id=\"arbres\">\n<figure class=\"wp-block-image size-large\"><img fetchpriority=\"high\" decoding=\"async\" width=\"576\" height=\"1024\" data-id=\"15041\" src=\"https:\/\/quartiers1060.brussels\/wp-content\/uploads\/2026\/01\/1769154724870-1-576x1024.jpg\" alt=\"\" class=\"wp-image-15041\" style=\"aspect-ratio:1\" srcset=\"https:\/\/quartiers1060.brussels\/wp-content\/uploads\/2026\/01\/1769154724870-1-576x1024.jpg 576w, https:\/\/quartiers1060.brussels\/wp-content\/uploads\/2026\/01\/1769154724870-1-169x300.jpg 169w, https:\/\/quartiers1060.brussels\/wp-content\/uploads\/2026\/01\/1769154724870-1-768x1366.jpg 768w, https:\/\/quartiers1060.brussels\/wp-content\/uploads\/2026\/01\/1769154724870-1-864x1536.jpg 864w, https:\/\/quartiers1060.brussels\/wp-content\/uploads\/2026\/01\/1769154724870-1-1152x2048.jpg 1152w, https:\/\/quartiers1060.brussels\/wp-content\/uploads\/2026\/01\/1769154724870-1-1568x2789.jpg 1568w, https:\/\/quartiers1060.brussels\/wp-content\/uploads\/2026\/01\/1769154724870-1-1320x2348.jpg 1320w, https:\/\/quartiers1060.brussels\/wp-content\/uploads\/2026\/01\/1769154724870-1-scaled.webp 1079w\" sizes=\"(max-width: 576px) 100vw, 576px\" \/><\/figure>\n\n\n\n<figure class=\"wp-block-image size-large\"><img decoding=\"async\" data-id=\"15043\" src=\"https:\/\/quartiers1060.brussels\/wp-content\/uploads\/2026\/01\/1769154724850-1-576x1024.jpg\" alt=\"\" class=\"wp-image-15043\" style=\"aspect-ratio:1\"\/><figcaption class=\"wp-element-caption\">Rue de Danemark<\/figcaption><\/figure>\n\n\n\n<figure class=\"wp-block-image size-large\"><img decoding=\"async\" data-id=\"15045\" src=\"https:\/\/quartiers1060.brussels\/wp-content\/uploads\/2026\/01\/1769154724861-1-576x1024.jpg\" alt=\"\" class=\"wp-image-15045\" style=\"aspect-ratio:1\"\/><figcaption class=\"wp-element-caption\">Rue Coenraets<\/figcaption><\/figure>\n<\/figure>\n","protected":false},"excerpt":{"rendered":"<p>Nieuwe bomen verschijnen in de Zuidwijk. In het kader van het Duurzaam Wijkcontract Zuid zijn de eerste aanplantingen al gestart in de Coenraetsstraat en de Denemarkenstraat, waar onlangs 17 nieuwe bomen werden geplant. Het doel? De openbare ruimte groener en aangenamer maken in het dagelijkse leven.<\/p>\n","protected":false},"author":3,"featured_media":15042,"comment_status":"closed","ping_status":"closed","sticky":false,"template":"","format":"standard","meta":{"_acf_changed":false,"om_disable_all_campaigns":false,"footnotes":"[]"},"categories":[54,64],"tags":[203,205,117,109,204,149,112,184,177,134,185],"class_list":["post-15051","post","type-post","status-publish","format-standard","has-post-thumbnail","hentry","category-cqd-actualiteiten","category-openbare-ruimte","tag-arbres","tag-bomen","tag-brussels","tag-bruxelles-nl","tag-plantations","tag-renovation-urbaine-nl","tag-saint-gilles-nl","tag-sint-gillis-2","tag-stadsvernieuwing","tag-vegetalisation-nl","tag-vergroening","entry"],"acf":[],"yoast_head":"<!-- This site is optimized with the Yoast SEO plugin v27.4 - https:\/\/yoast.com\/product\/yoast-seo-wordpress\/ -->\n<title>De Zuidwijk maakt plaats voor nieuwe bomen - Stedelijke herwaarding<\/title>\n<meta name=\"description\" content=\"Stedelijke herwaarding De Zuidwijk maakt plaats voor nieuwe bomen - %\" \/>\n<meta name=\"robots\" content=\"index, follow, max-snippet:-1, max-image-preview:large, max-video-preview:-1\" \/>\n<link rel=\"canonical\" href=\"https:\/\/quartiers1060.brussels\/nl\/de-zuidwijk-maakt-plaats-voor-nieuwe-bomen\/\" \/>\n<meta property=\"og:locale\" content=\"nl_NL\" \/>\n<meta property=\"og:type\" content=\"article\" \/>\n<meta property=\"og:title\" content=\"De Zuidwijk maakt plaats voor nieuwe bomen - Stedelijke herwaarding\" \/>\n<meta property=\"og:description\" content=\"Stedelijke herwaarding De Zuidwijk maakt plaats voor nieuwe bomen - %\" \/>\n<meta property=\"og:url\" content=\"https:\/\/quartiers1060.brussels\/nl\/de-zuidwijk-maakt-plaats-voor-nieuwe-bomen\/\" \/>\n<meta property=\"og:site_name\" content=\"Stedelijke herwaarding\" \/>\n<meta property=\"article:published_time\" content=\"2026-01-26T10:34:39+00:00\" \/>\n<meta property=\"article:modified_time\" content=\"2026-01-30T08:48:17+00:00\" \/>\n<meta property=\"og:image\" content=\"http:\/\/quartiers1060.brussels\/wp-content\/uploads\/2026\/01\/1769154724870-1-scaled.webp\" \/>\n\t<meta property=\"og:image:width\" content=\"1439\" \/>\n\t<meta property=\"og:image:height\" content=\"2560\" \/>\n\t<meta property=\"og:image:type\" content=\"image\/jpeg\" \/>\n<meta name=\"author\" content=\"D\u00e9borah lozano\" \/>\n<meta name=\"twitter:card\" content=\"summary_large_image\" \/>\n<meta name=\"twitter:label1\" content=\"Geschreven door\" \/>\n\t<meta name=\"twitter:data1\" content=\"D\u00e9borah lozano\" \/>\n\t<meta name=\"twitter:label2\" content=\"Geschatte leestijd\" \/>\n\t<meta name=\"twitter:data2\" content=\"3 minuten\" \/>\n<script type=\"application\/ld+json\" class=\"yoast-schema-graph\">{\"@context\":\"https:\\\/\\\/schema.org\",\"@graph\":[{\"@type\":\"Article\",\"@id\":\"https:\\\/\\\/quartiers1060.brussels\\\/nl\\\/de-zuidwijk-maakt-plaats-voor-nieuwe-bomen\\\/#article\",\"isPartOf\":{\"@id\":\"https:\\\/\\\/quartiers1060.brussels\\\/nl\\\/de-zuidwijk-maakt-plaats-voor-nieuwe-bomen\\\/\"},\"author\":{\"name\":\"D\u00e9borah lozano\",\"@id\":\"https:\\\/\\\/quartiers1060.brussels\\\/#\\\/schema\\\/person\\\/614a48b133190b8ad48bff97adb89e7e\"},\"headline\":\"De Zuidwijk maakt plaats voor nieuwe bomen\",\"datePublished\":\"2026-01-26T10:34:39+00:00\",\"dateModified\":\"2026-01-30T08:48:17+00:00\",\"mainEntityOfPage\":{\"@id\":\"https:\\\/\\\/quartiers1060.brussels\\\/nl\\\/de-zuidwijk-maakt-plaats-voor-nieuwe-bomen\\\/\"},\"wordCount\":219,\"publisher\":{\"@id\":\"https:\\\/\\\/quartiers1060.brussels\\\/#organization\"},\"image\":{\"@id\":\"https:\\\/\\\/quartiers1060.brussels\\\/nl\\\/de-zuidwijk-maakt-plaats-voor-nieuwe-bomen\\\/#primaryimage\"},\"thumbnailUrl\":\"https:\\\/\\\/quartiers1060.brussels\\\/wp-content\\\/uploads\\\/2026\\\/01\\\/1769154724870-1-scaled.webp\",\"keywords\":[\"arbres\",\"bomen\",\"brussels\",\"Bruxelles\",\"plantations\",\"r\u00e9novation urbaine\",\"Saint-Gilles\",\"sint gillis\",\"stadsvernieuwing\",\"v\u00e9g\u00e9talisation\",\"vergroening\"],\"articleSection\":[\"DWC - Nieuws\",\"Openbare ruimte\"],\"inLanguage\":\"nl-NL\"},{\"@type\":\"WebPage\",\"@id\":\"https:\\\/\\\/quartiers1060.brussels\\\/nl\\\/de-zuidwijk-maakt-plaats-voor-nieuwe-bomen\\\/\",\"url\":\"https:\\\/\\\/quartiers1060.brussels\\\/nl\\\/de-zuidwijk-maakt-plaats-voor-nieuwe-bomen\\\/\",\"name\":\"De Zuidwijk maakt plaats voor nieuwe bomen - Stedelijke herwaarding\",\"isPartOf\":{\"@id\":\"https:\\\/\\\/quartiers1060.brussels\\\/#website\"},\"primaryImageOfPage\":{\"@id\":\"https:\\\/\\\/quartiers1060.brussels\\\/nl\\\/de-zuidwijk-maakt-plaats-voor-nieuwe-bomen\\\/#primaryimage\"},\"image\":{\"@id\":\"https:\\\/\\\/quartiers1060.brussels\\\/nl\\\/de-zuidwijk-maakt-plaats-voor-nieuwe-bomen\\\/#primaryimage\"},\"thumbnailUrl\":\"https:\\\/\\\/quartiers1060.brussels\\\/wp-content\\\/uploads\\\/2026\\\/01\\\/1769154724870-1-scaled.webp\",\"datePublished\":\"2026-01-26T10:34:39+00:00\",\"dateModified\":\"2026-01-30T08:48:17+00:00\",\"description\":\"Stedelijke herwaarding De Zuidwijk maakt plaats voor nieuwe bomen - %\",\"breadcrumb\":{\"@id\":\"https:\\\/\\\/quartiers1060.brussels\\\/nl\\\/de-zuidwijk-maakt-plaats-voor-nieuwe-bomen\\\/#breadcrumb\"},\"inLanguage\":\"nl-NL\",\"potentialAction\":[{\"@type\":\"ReadAction\",\"target\":[\"https:\\\/\\\/quartiers1060.brussels\\\/nl\\\/de-zuidwijk-maakt-plaats-voor-nieuwe-bomen\\\/\"]}]},{\"@type\":\"ImageObject\",\"inLanguage\":\"nl-NL\",\"@id\":\"https:\\\/\\\/quartiers1060.brussels\\\/nl\\\/de-zuidwijk-maakt-plaats-voor-nieuwe-bomen\\\/#primaryimage\",\"url\":\"https:\\\/\\\/quartiers1060.brussels\\\/wp-content\\\/uploads\\\/2026\\\/01\\\/1769154724870-1-scaled.webp\",\"contentUrl\":\"https:\\\/\\\/quartiers1060.brussels\\\/wp-content\\\/uploads\\\/2026\\\/01\\\/1769154724870-1-scaled.webp\",\"width\":1439,\"height\":2560,\"caption\":\"Rue Coenraets - Plantation d'arbres\"},{\"@type\":\"BreadcrumbList\",\"@id\":\"https:\\\/\\\/quartiers1060.brussels\\\/nl\\\/de-zuidwijk-maakt-plaats-voor-nieuwe-bomen\\\/#breadcrumb\",\"itemListElement\":[{\"@type\":\"ListItem\",\"position\":1,\"name\":\"Accueil\",\"item\":\"https:\\\/\\\/quartiers1060.brussels\\\/\"},{\"@type\":\"ListItem\",\"position\":2,\"name\":\"De Zuidwijk maakt plaats voor nieuwe bomen\"}]},{\"@type\":\"WebSite\",\"@id\":\"https:\\\/\\\/quartiers1060.brussels\\\/#website\",\"url\":\"https:\\\/\\\/quartiers1060.brussels\\\/\",\"name\":\"Stedelijke herwaarding\",\"description\":\"- Sint-Gillis\",\"publisher\":{\"@id\":\"https:\\\/\\\/quartiers1060.brussels\\\/#organization\"},\"potentialAction\":[{\"@type\":\"SearchAction\",\"target\":{\"@type\":\"EntryPoint\",\"urlTemplate\":\"https:\\\/\\\/quartiers1060.brussels\\\/?s={search_term_string}\"},\"query-input\":{\"@type\":\"PropertyValueSpecification\",\"valueRequired\":true,\"valueName\":\"search_term_string\"}}],\"inLanguage\":\"nl-NL\"},{\"@type\":\"Organization\",\"@id\":\"https:\\\/\\\/quartiers1060.brussels\\\/#organization\",\"name\":\"Saint-Gilles\",\"url\":\"https:\\\/\\\/quartiers1060.brussels\\\/\",\"logo\":{\"@type\":\"ImageObject\",\"inLanguage\":\"nl-NL\",\"@id\":\"https:\\\/\\\/quartiers1060.brussels\\\/#\\\/schema\\\/logo\\\/image\\\/\",\"url\":\"https:\\\/\\\/quartiers1060.brussels\\\/wp-content\\\/uploads\\\/2021\\\/06\\\/RevitUrbaine_Saint-Gilles.svg\",\"contentUrl\":\"https:\\\/\\\/quartiers1060.brussels\\\/wp-content\\\/uploads\\\/2021\\\/06\\\/RevitUrbaine_Saint-Gilles.svg\",\"width\":243.17,\"height\":68.96,\"caption\":\"Saint-Gilles\"},\"image\":{\"@id\":\"https:\\\/\\\/quartiers1060.brussels\\\/#\\\/schema\\\/logo\\\/image\\\/\"}},{\"@type\":\"Person\",\"@id\":\"https:\\\/\\\/quartiers1060.brussels\\\/#\\\/schema\\\/person\\\/614a48b133190b8ad48bff97adb89e7e\",\"name\":\"D\u00e9borah lozano\"}]}<\/script>\n<!-- \/ Yoast SEO plugin. -->","yoast_head_json":{"title":"De Zuidwijk maakt plaats voor nieuwe bomen - Stedelijke herwaarding","description":"Stedelijke herwaarding De Zuidwijk maakt plaats voor nieuwe bomen - %","robots":{"index":"index","follow":"follow","max-snippet":"max-snippet:-1","max-image-preview":"max-image-preview:large","max-video-preview":"max-video-preview:-1"},"canonical":"https:\/\/quartiers1060.brussels\/nl\/de-zuidwijk-maakt-plaats-voor-nieuwe-bomen\/","og_locale":"nl_NL","og_type":"article","og_title":"De Zuidwijk maakt plaats voor nieuwe bomen - Stedelijke herwaarding","og_description":"Stedelijke herwaarding De Zuidwijk maakt plaats voor nieuwe bomen - %","og_url":"https:\/\/quartiers1060.brussels\/nl\/de-zuidwijk-maakt-plaats-voor-nieuwe-bomen\/","og_site_name":"Stedelijke herwaarding","article_published_time":"2026-01-26T10:34:39+00:00","article_modified_time":"2026-01-30T08:48:17+00:00","og_image":[{"width":1439,"height":2560,"url":"http:\/\/quartiers1060.brussels\/wp-content\/uploads\/2026\/01\/1769154724870-1-scaled.webp","type":"image\/jpeg"}],"author":"D\u00e9borah lozano","twitter_card":"summary_large_image","twitter_misc":{"Geschreven door":"D\u00e9borah lozano","Geschatte leestijd":"3 minuten"},"schema":{"@context":"https:\/\/schema.org","@graph":[{"@type":"Article","@id":"https:\/\/quartiers1060.brussels\/nl\/de-zuidwijk-maakt-plaats-voor-nieuwe-bomen\/#article","isPartOf":{"@id":"https:\/\/quartiers1060.brussels\/nl\/de-zuidwijk-maakt-plaats-voor-nieuwe-bomen\/"},"author":{"name":"D\u00e9borah lozano","@id":"https:\/\/quartiers1060.brussels\/#\/schema\/person\/614a48b133190b8ad48bff97adb89e7e"},"headline":"De Zuidwijk maakt plaats voor nieuwe bomen","datePublished":"2026-01-26T10:34:39+00:00","dateModified":"2026-01-30T08:48:17+00:00","mainEntityOfPage":{"@id":"https:\/\/quartiers1060.brussels\/nl\/de-zuidwijk-maakt-plaats-voor-nieuwe-bomen\/"},"wordCount":219,"publisher":{"@id":"https:\/\/quartiers1060.brussels\/#organization"},"image":{"@id":"https:\/\/quartiers1060.brussels\/nl\/de-zuidwijk-maakt-plaats-voor-nieuwe-bomen\/#primaryimage"},"thumbnailUrl":"https:\/\/quartiers1060.brussels\/wp-content\/uploads\/2026\/01\/1769154724870-1-scaled.webp","keywords":["arbres","bomen","brussels","Bruxelles","plantations","r\u00e9novation urbaine","Saint-Gilles","sint gillis","stadsvernieuwing","v\u00e9g\u00e9talisation","vergroening"],"articleSection":["DWC - Nieuws","Openbare ruimte"],"inLanguage":"nl-NL"},{"@type":"WebPage","@id":"https:\/\/quartiers1060.brussels\/nl\/de-zuidwijk-maakt-plaats-voor-nieuwe-bomen\/","url":"https:\/\/quartiers1060.brussels\/nl\/de-zuidwijk-maakt-plaats-voor-nieuwe-bomen\/","name":"De Zuidwijk maakt plaats voor nieuwe bomen - Stedelijke herwaarding","isPartOf":{"@id":"https:\/\/quartiers1060.brussels\/#website"},"primaryImageOfPage":{"@id":"https:\/\/quartiers1060.brussels\/nl\/de-zuidwijk-maakt-plaats-voor-nieuwe-bomen\/#primaryimage"},"image":{"@id":"https:\/\/quartiers1060.brussels\/nl\/de-zuidwijk-maakt-plaats-voor-nieuwe-bomen\/#primaryimage"},"thumbnailUrl":"https:\/\/quartiers1060.brussels\/wp-content\/uploads\/2026\/01\/1769154724870-1-scaled.webp","datePublished":"2026-01-26T10:34:39+00:00","dateModified":"2026-01-30T08:48:17+00:00","description":"Stedelijke herwaarding De Zuidwijk maakt plaats voor nieuwe bomen - %","breadcrumb":{"@id":"https:\/\/quartiers1060.brussels\/nl\/de-zuidwijk-maakt-plaats-voor-nieuwe-bomen\/#breadcrumb"},"inLanguage":"nl-NL","potentialAction":[{"@type":"ReadAction","target":["https:\/\/quartiers1060.brussels\/nl\/de-zuidwijk-maakt-plaats-voor-nieuwe-bomen\/"]}]},{"@type":"ImageObject","inLanguage":"nl-NL","@id":"https:\/\/quartiers1060.brussels\/nl\/de-zuidwijk-maakt-plaats-voor-nieuwe-bomen\/#primaryimage","url":"https:\/\/quartiers1060.brussels\/wp-content\/uploads\/2026\/01\/1769154724870-1-scaled.webp","contentUrl":"https:\/\/quartiers1060.brussels\/wp-content\/uploads\/2026\/01\/1769154724870-1-scaled.webp","width":1439,"height":2560,"caption":"Rue Coenraets - Plantation d'arbres"},{"@type":"BreadcrumbList","@id":"https:\/\/quartiers1060.brussels\/nl\/de-zuidwijk-maakt-plaats-voor-nieuwe-bomen\/#breadcrumb","itemListElement":[{"@type":"ListItem","position":1,"name":"Accueil","item":"https:\/\/quartiers1060.brussels\/"},{"@type":"ListItem","position":2,"name":"De Zuidwijk maakt plaats voor nieuwe bomen"}]},{"@type":"WebSite","@id":"https:\/\/quartiers1060.brussels\/#website","url":"https:\/\/quartiers1060.brussels\/","name":"Stedelijke herwaarding","description":"- Sint-Gillis","publisher":{"@id":"https:\/\/quartiers1060.brussels\/#organization"},"potentialAction":[{"@type":"SearchAction","target":{"@type":"EntryPoint","urlTemplate":"https:\/\/quartiers1060.brussels\/?s={search_term_string}"},"query-input":{"@type":"PropertyValueSpecification","valueRequired":true,"valueName":"search_term_string"}}],"inLanguage":"nl-NL"},{"@type":"Organization","@id":"https:\/\/quartiers1060.brussels\/#organization","name":"Saint-Gilles","url":"https:\/\/quartiers1060.brussels\/","logo":{"@type":"ImageObject","inLanguage":"nl-NL","@id":"https:\/\/quartiers1060.brussels\/#\/schema\/logo\/image\/","url":"https:\/\/quartiers1060.brussels\/wp-content\/uploads\/2021\/06\/RevitUrbaine_Saint-Gilles.svg","contentUrl":"https:\/\/quartiers1060.brussels\/wp-content\/uploads\/2021\/06\/RevitUrbaine_Saint-Gilles.svg","width":243.17,"height":68.96,"caption":"Saint-Gilles"},"image":{"@id":"https:\/\/quartiers1060.brussels\/#\/schema\/logo\/image\/"}},{"@type":"Person","@id":"https:\/\/quartiers1060.brussels\/#\/schema\/person\/614a48b133190b8ad48bff97adb89e7e","name":"D\u00e9borah lozano"}]}},"_links":{"self":[{"href":"https:\/\/quartiers1060.brussels\/nl\/wp-json\/wp\/v2\/posts\/15051","targetHints":{"allow":["GET"]}}],"collection":[{"href":"https:\/\/quartiers1060.brussels\/nl\/wp-json\/wp\/v2\/posts"}],"about":[{"href":"https:\/\/quartiers1060.brussels\/nl\/wp-json\/wp\/v2\/types\/post"}],"author":[{"embeddable":true,"href":"https:\/\/quartiers1060.brussels\/nl\/wp-json\/wp\/v2\/users\/3"}],"replies":[{"embeddable":true,"href":"https:\/\/quartiers1060.brussels\/nl\/wp-json\/wp\/v2\/comments?post=15051"}],"version-history":[{"count":10,"href":"https:\/\/quartiers1060.brussels\/nl\/wp-json\/wp\/v2\/posts\/15051\/revisions"}],"predecessor-version":[{"id":15090,"href":"https:\/\/quartiers1060.brussels\/nl\/wp-json\/wp\/v2\/posts\/15051\/revisions\/15090"}],"wp:featuredmedia":[{"embeddable":true,"href":"https:\/\/quartiers1060.brussels\/nl\/wp-json\/wp\/v2\/media\/15042"}],"wp:attachment":[{"href":"https:\/\/quartiers1060.brussels\/nl\/wp-json\/wp\/v2\/media?parent=15051"}],"wp:term":[{"taxonomy":"category","embeddable":true,"href":"https:\/\/quartiers1060.brussels\/nl\/wp-json\/wp\/v2\/categories?post=15051"},{"taxonomy":"post_tag","embeddable":true,"href":"https:\/\/quartiers1060.brussels\/nl\/wp-json\/wp\/v2\/tags?post=15051"}],"curies":[{"name":"wp","href":"https:\/\/api.w.org\/{rel}","templated":true}]}}