{"id":16502,"date":"2026-09-01T14:39:30","date_gmt":"2026-09-01T12:39:30","guid":{"rendered":"https:\/\/quartiers1060.brussels\/parcours-velo-ephemere-a-saint-gilles-creez-votre-circuit-a-ciel-ouvert\/"},"modified":"2026-09-01T16:44:15","modified_gmt":"2026-09-01T14:44:15","slug":"parcours-velo-ephemere-a-saint-gilles-creez-votre-circuit-a-ciel-ouvert","status":"publish","type":"post","link":"https:\/\/quartiers1060.brussels\/nl\/parcours-velo-ephemere-a-saint-gilles-creez-votre-circuit-a-ciel-ouvert\/","title":{"rendered":"Het Van Caulaertsquare wordt omgetoverd tot een tijdelijk fietsparcours"},"content":{"rendered":"\n<p class=\"wp-block-paragraph\"><strong>Op zaterdag 5 september vindt er op het Van Caulaertsquare een grote participatieve creatieve workshop plaats.<\/strong><\/p>\n\n\n\n<p class=\"wp-block-paragraph\">In samenwerking met het <a href=\"https:\/\/www.instagram.com\/marelle.brussels\/\" target=\"_blank\" rel=\"noreferrer noopener\">collectief van het Festival de la Marelle<\/a> bedenken en schilderen jong en oud samen een tijdelijk fietsparcours op de grond, voor de duur van een namiddag. Het collectief zorgt ter plaatse voor verf en penselen.<\/p>\n\n\n\n<div style=\"height:24px\" aria-hidden=\"true\" class=\"wp-block-spacer\"><\/div>\n\n\n\n<h4 class=\"wp-block-heading\"><mark style=\"background-color:rgba(0, 0, 0, 0)\" class=\"has-inline-color has-bleucqd-color\">Een fietsparcours bedacht door en voor de buurtbewoners<\/mark><\/h4>\n\n\n\n<div style=\"height:24px\" aria-hidden=\"true\" class=\"wp-block-spacer\"><\/div>\n\n\n\n<p class=\"wp-block-paragraph\">Meer dan een eenvoudige inrichting is dit een moment van sensibilisering en ontmoeting: kinderen, volwassenen en gezinnen krijgen de ruimte om zich de straat opnieuw eigen te maken en met verf de kleuren en vormen te cre\u00ebren die samen het parcours zullen vormen.<\/p>\n\n\n\n<p class=\"wp-block-paragraph\">Naast het cre\u00ebren van een fietsparcours wil deze activiteit ook bewustmaken van de plaats van fietsers in de stad.<\/p>\n\n\n\n<div style=\"height:24px\" aria-hidden=\"true\" class=\"wp-block-spacer\"><\/div>\n\n\n\n<h4 class=\"wp-block-heading\"><mark style=\"background-color:rgba(0, 0, 0, 0)\" class=\"has-inline-color has-bleucqd-color\">Praktische informatie:<\/mark><\/h4>\n\n\n\n<div style=\"height:24px\" aria-hidden=\"true\" class=\"wp-block-spacer\"><\/div>\n\n\n\n<ul class=\"wp-block-list\">\n<li><strong>Wanneer?<\/strong> Zaterdag 5 september van 12 tot 17 uur;<\/li>\n\n\n\n<li><strong>Waar?<\/strong> Heldenplein en de \u00c9mile F\u00e9ronstraat, ter hoogte van de Ulenspiegelschool, in Sint-Gillis<\/li>\n\n\n\n<li><strong>Voor wie?<\/strong> Gratis evenement, open voor iedereen;<\/li>\n<\/ul>\n\n\n\n<p class=\"wp-block-paragraph\">Dit evenement wordt georganiseerd in het kader van het <strong><a href=\"https:\/\/quartiers1060.brussels\/nl\/chantier\/burgerbudget\/\">Burgerbudget<\/a><\/strong>, een initiatief dat wordt gefinancierd door het programma van het <strong><a href=\"https:\/\/quartiers1060.brussels\/nl\/dwc\/wat-is-een-duurzaam-wijkcontract\/midi\/\">Duurzaam Wijkcontract Zuid<\/a><\/strong>.<\/p>\n\n\n\n<div style=\"height:45px\" aria-hidden=\"true\" class=\"wp-block-spacer\"><\/div>\n\n\n<div class=\"wp-block-image\">\n<figure class=\"alignleft size-large is-resized\"><img fetchpriority=\"high\" decoding=\"async\" width=\"768\" height=\"1024\" src=\"https:\/\/quartiers1060.brussels\/wp-content\/uploads\/2026\/08\/affiche-parcours-velo-fr-768x1024-1.jpg\" alt=\"\" class=\"wp-image-16470\" style=\"aspect-ratio:0.7500048027971491;width:406px;height:auto\" srcset=\"https:\/\/quartiers1060.brussels\/wp-content\/uploads\/2026\/08\/affiche-parcours-velo-fr-768x1024-1.jpg 768w, https:\/\/quartiers1060.brussels\/wp-content\/uploads\/2026\/08\/affiche-parcours-velo-fr-225x300.jpg 225w, https:\/\/quartiers1060.brussels\/wp-content\/uploads\/2026\/08\/affiche-parcours-velo-fr-1152x1536.jpg 1152w, https:\/\/quartiers1060.brussels\/wp-content\/uploads\/2026\/08\/affiche-parcours-velo-fr.jpg 1200w\" sizes=\"(max-width: 768px) 100vw, 768px\" \/><\/figure>\n<\/div>","protected":false},"excerpt":{"rendered":"<p>Wat als de straat uw speelterrein wordt? Op 5 september verandert het Van Caulaertsquare in een openluchtatelier! Jong en oud, beginners en beginnende kunstenaars kunnen er samen een artistiek fietsparcours schilderen en van het plein een kleurrijke, gezamenlijk ontworpen plek maken. Een originele manier om de plek opnieuw in bezit te nemen en de buurt een namiddag lang tot leven te brengen.<\/p>\n","protected":false},"author":3,"featured_media":16488,"comment_status":"closed","ping_status":"closed","sticky":false,"template":"","format":"standard","meta":{"_acf_changed":false,"om_disable_all_campaigns":false,"footnotes":""},"categories":[66,69,54,68],"tags":[109,110,170,171,149,112],"class_list":["post-16502","post","type-post","status-publish","format-standard","has-post-thumbnail","hentry","category-bewonersinitiatieven","category-cqd-evenementen","category-cqd-actualiteiten","category-wijkleven","tag-bruxelles-nl","tag-budget-citoyen-nl","tag-contrat-de-quartier-durable-midi","tag-evenement-citoyen","tag-renovation-urbaine-nl","tag-saint-gilles-nl","entry"],"acf":[],"yoast_head":"<!-- This site is optimized with the Yoast SEO plugin v28.3 - https:\/\/yoast.com\/product\/yoast-seo-wordpress\/ -->\n<title>Het Van Caulaertsquare wordt omgetoverd tot een tijdelijk fietsparcours - Stedelijke herwaarding<\/title>\n<meta name=\"description\" content=\"Stedelijke herwaarding Het Van Caulaertsquare wordt omgetoverd tot een tijdelijk fietsparcours\" \/>\n<meta name=\"robots\" content=\"index, follow, max-snippet:-1, max-image-preview:large, max-video-preview:-1\" \/>\n<link rel=\"canonical\" href=\"https:\/\/quartiers1060.brussels\/nl\/parcours-velo-ephemere-a-saint-gilles-creez-votre-circuit-a-ciel-ouvert\/\" \/>\n<meta property=\"og:locale\" content=\"nl_NL\" \/>\n<meta property=\"og:type\" content=\"article\" \/>\n<meta property=\"og:title\" content=\"Het Van Caulaertsquare wordt omgetoverd tot een tijdelijk fietsparcours - Stedelijke herwaarding\" \/>\n<meta property=\"og:description\" content=\"Stedelijke herwaarding Het Van Caulaertsquare wordt omgetoverd tot een tijdelijk fietsparcours\" \/>\n<meta property=\"og:url\" content=\"https:\/\/quartiers1060.brussels\/nl\/parcours-velo-ephemere-a-saint-gilles-creez-votre-circuit-a-ciel-ouvert\/\" \/>\n<meta property=\"og:site_name\" content=\"Stedelijke herwaarding\" \/>\n<meta property=\"article:published_time\" content=\"2026-09-01T12:39:30+00:00\" \/>\n<meta property=\"article:modified_time\" content=\"2026-09-01T14:44:15+00:00\" \/>\n<meta property=\"og:image\" content=\"http:\/\/quartiers1060.brussels\/wp-content\/uploads\/2026\/09\/damon-lam-FXwkbvS01A4-unsplash-e1788266508193.jpg\" \/>\n\t<meta property=\"og:image:width\" content=\"750\" \/>\n\t<meta property=\"og:image:height\" content=\"1000\" \/>\n\t<meta property=\"og:image:type\" content=\"image\/jpeg\" \/>\n<meta name=\"author\" content=\"D\u00e9borah lozano\" \/>\n<meta name=\"twitter:card\" content=\"summary_large_image\" \/>\n<meta name=\"twitter:label1\" content=\"Geschreven door\" \/>\n\t<meta name=\"twitter:data1\" content=\"D\u00e9borah lozano\" \/>\n\t<meta name=\"twitter:label2\" content=\"Geschatte leestijd\" \/>\n\t<meta name=\"twitter:data2\" content=\"2 minuten\" \/>\n<script type=\"application\/ld+json\" class=\"yoast-schema-graph\">{\"@context\":\"https:\\\/\\\/schema.org\",\"@graph\":[{\"@type\":\"Article\",\"@id\":\"https:\\\/\\\/quartiers1060.brussels\\\/nl\\\/parcours-velo-ephemere-a-saint-gilles-creez-votre-circuit-a-ciel-ouvert\\\/#article\",\"isPartOf\":{\"@id\":\"https:\\\/\\\/quartiers1060.brussels\\\/nl\\\/parcours-velo-ephemere-a-saint-gilles-creez-votre-circuit-a-ciel-ouvert\\\/\"},\"author\":{\"name\":\"D\u00e9borah lozano\",\"@id\":\"https:\\\/\\\/quartiers1060.brussels\\\/#\\\/schema\\\/person\\\/614a48b133190b8ad48bff97adb89e7e\"},\"headline\":\"Het Van Caulaertsquare wordt omgetoverd tot een tijdelijk fietsparcours\",\"datePublished\":\"2026-09-01T12:39:30+00:00\",\"dateModified\":\"2026-09-01T14:44:15+00:00\",\"mainEntityOfPage\":{\"@id\":\"https:\\\/\\\/quartiers1060.brussels\\\/nl\\\/parcours-velo-ephemere-a-saint-gilles-creez-votre-circuit-a-ciel-ouvert\\\/\"},\"wordCount\":187,\"publisher\":{\"@id\":\"https:\\\/\\\/quartiers1060.brussels\\\/#organization\"},\"image\":{\"@id\":\"https:\\\/\\\/quartiers1060.brussels\\\/nl\\\/parcours-velo-ephemere-a-saint-gilles-creez-votre-circuit-a-ciel-ouvert\\\/#primaryimage\"},\"thumbnailUrl\":\"https:\\\/\\\/quartiers1060.brussels\\\/wp-content\\\/uploads\\\/2026\\\/09\\\/damon-lam-FXwkbvS01A4-unsplash-e1788266508193.jpg\",\"keywords\":[\"Bruxelles\",\"Budget Citoyen\",\"Contrat de quartier Durable Midi\",\"\u00e9v\u00e9nement citoyen\",\"r\u00e9novation urbaine\",\"Saint-Gilles\"],\"articleSection\":[\"Bewonersinitiatieven\",\"CQD-Evenementen\",\"DWC - Nieuws\",\"Wijkleven\"],\"inLanguage\":\"nl-NL\"},{\"@type\":\"WebPage\",\"@id\":\"https:\\\/\\\/quartiers1060.brussels\\\/nl\\\/parcours-velo-ephemere-a-saint-gilles-creez-votre-circuit-a-ciel-ouvert\\\/\",\"url\":\"https:\\\/\\\/quartiers1060.brussels\\\/nl\\\/parcours-velo-ephemere-a-saint-gilles-creez-votre-circuit-a-ciel-ouvert\\\/\",\"name\":\"Het Van Caulaertsquare wordt omgetoverd tot een tijdelijk fietsparcours - Stedelijke herwaarding\",\"isPartOf\":{\"@id\":\"https:\\\/\\\/quartiers1060.brussels\\\/#website\"},\"primaryImageOfPage\":{\"@id\":\"https:\\\/\\\/quartiers1060.brussels\\\/nl\\\/parcours-velo-ephemere-a-saint-gilles-creez-votre-circuit-a-ciel-ouvert\\\/#primaryimage\"},\"image\":{\"@id\":\"https:\\\/\\\/quartiers1060.brussels\\\/nl\\\/parcours-velo-ephemere-a-saint-gilles-creez-votre-circuit-a-ciel-ouvert\\\/#primaryimage\"},\"thumbnailUrl\":\"https:\\\/\\\/quartiers1060.brussels\\\/wp-content\\\/uploads\\\/2026\\\/09\\\/damon-lam-FXwkbvS01A4-unsplash-e1788266508193.jpg\",\"datePublished\":\"2026-09-01T12:39:30+00:00\",\"dateModified\":\"2026-09-01T14:44:15+00:00\",\"description\":\"Stedelijke herwaarding Het Van Caulaertsquare wordt omgetoverd tot een tijdelijk fietsparcours\",\"breadcrumb\":{\"@id\":\"https:\\\/\\\/quartiers1060.brussels\\\/nl\\\/parcours-velo-ephemere-a-saint-gilles-creez-votre-circuit-a-ciel-ouvert\\\/#breadcrumb\"},\"inLanguage\":\"nl-NL\",\"potentialAction\":[{\"@type\":\"ReadAction\",\"target\":[\"https:\\\/\\\/quartiers1060.brussels\\\/nl\\\/parcours-velo-ephemere-a-saint-gilles-creez-votre-circuit-a-ciel-ouvert\\\/\"]}]},{\"@type\":\"ImageObject\",\"inLanguage\":\"nl-NL\",\"@id\":\"https:\\\/\\\/quartiers1060.brussels\\\/nl\\\/parcours-velo-ephemere-a-saint-gilles-creez-votre-circuit-a-ciel-ouvert\\\/#primaryimage\",\"url\":\"https:\\\/\\\/quartiers1060.brussels\\\/wp-content\\\/uploads\\\/2026\\\/09\\\/damon-lam-FXwkbvS01A4-unsplash-e1788266508193.jpg\",\"contentUrl\":\"https:\\\/\\\/quartiers1060.brussels\\\/wp-content\\\/uploads\\\/2026\\\/09\\\/damon-lam-FXwkbvS01A4-unsplash-e1788266508193.jpg\",\"width\":750,\"height\":1000},{\"@type\":\"BreadcrumbList\",\"@id\":\"https:\\\/\\\/quartiers1060.brussels\\\/nl\\\/parcours-velo-ephemere-a-saint-gilles-creez-votre-circuit-a-ciel-ouvert\\\/#breadcrumb\",\"itemListElement\":[{\"@type\":\"ListItem\",\"position\":1,\"name\":\"Accueil\",\"item\":\"https:\\\/\\\/quartiers1060.brussels\\\/\"},{\"@type\":\"ListItem\",\"position\":2,\"name\":\"Het Van Caulaertsquare wordt omgetoverd tot een tijdelijk fietsparcours\"}]},{\"@type\":\"WebSite\",\"@id\":\"https:\\\/\\\/quartiers1060.brussels\\\/#website\",\"url\":\"https:\\\/\\\/quartiers1060.brussels\\\/\",\"name\":\"Stedelijke herwaarding\",\"description\":\"- Sint-Gillis\",\"publisher\":{\"@id\":\"https:\\\/\\\/quartiers1060.brussels\\\/#organization\"},\"potentialAction\":[{\"@type\":\"SearchAction\",\"target\":{\"@type\":\"EntryPoint\",\"urlTemplate\":\"https:\\\/\\\/quartiers1060.brussels\\\/?s={search_term_string}\"},\"query-input\":{\"@type\":\"PropertyValueSpecification\",\"valueRequired\":true,\"valueName\":\"search_term_string\"}}],\"inLanguage\":\"nl-NL\"},{\"@type\":\"Organization\",\"@id\":\"https:\\\/\\\/quartiers1060.brussels\\\/#organization\",\"name\":\"Saint-Gilles\",\"url\":\"https:\\\/\\\/quartiers1060.brussels\\\/\",\"logo\":{\"@type\":\"ImageObject\",\"inLanguage\":\"nl-NL\",\"@id\":\"https:\\\/\\\/quartiers1060.brussels\\\/#\\\/schema\\\/logo\\\/image\\\/\",\"url\":\"https:\\\/\\\/quartiers1060.brussels\\\/wp-content\\\/uploads\\\/2021\\\/06\\\/RevitUrbaine_Saint-Gilles.svg\",\"contentUrl\":\"https:\\\/\\\/quartiers1060.brussels\\\/wp-content\\\/uploads\\\/2021\\\/06\\\/RevitUrbaine_Saint-Gilles.svg\",\"width\":243.17,\"height\":68.96,\"caption\":\"Saint-Gilles\"},\"image\":{\"@id\":\"https:\\\/\\\/quartiers1060.brussels\\\/#\\\/schema\\\/logo\\\/image\\\/\"}},{\"@type\":\"Person\",\"@id\":\"https:\\\/\\\/quartiers1060.brussels\\\/#\\\/schema\\\/person\\\/614a48b133190b8ad48bff97adb89e7e\",\"name\":\"D\u00e9borah lozano\"}]}<\/script>\n<!-- \/ Yoast SEO plugin. -->","yoast_head_json":{"title":"Het Van Caulaertsquare wordt omgetoverd tot een tijdelijk fietsparcours - Stedelijke herwaarding","description":"Stedelijke herwaarding Het Van Caulaertsquare wordt omgetoverd tot een tijdelijk fietsparcours","robots":{"index":"index","follow":"follow","max-snippet":"max-snippet:-1","max-image-preview":"max-image-preview:large","max-video-preview":"max-video-preview:-1"},"canonical":"https:\/\/quartiers1060.brussels\/nl\/parcours-velo-ephemere-a-saint-gilles-creez-votre-circuit-a-ciel-ouvert\/","og_locale":"nl_NL","og_type":"article","og_title":"Het Van Caulaertsquare wordt omgetoverd tot een tijdelijk fietsparcours - Stedelijke herwaarding","og_description":"Stedelijke herwaarding Het Van Caulaertsquare wordt omgetoverd tot een tijdelijk fietsparcours","og_url":"https:\/\/quartiers1060.brussels\/nl\/parcours-velo-ephemere-a-saint-gilles-creez-votre-circuit-a-ciel-ouvert\/","og_site_name":"Stedelijke herwaarding","article_published_time":"2026-09-01T12:39:30+00:00","article_modified_time":"2026-09-01T14:44:15+00:00","og_image":[{"width":750,"height":1000,"url":"http:\/\/quartiers1060.brussels\/wp-content\/uploads\/2026\/09\/damon-lam-FXwkbvS01A4-unsplash-e1788266508193.jpg","type":"image\/jpeg"}],"author":"D\u00e9borah lozano","twitter_card":"summary_large_image","twitter_misc":{"Geschreven door":"D\u00e9borah lozano","Geschatte leestijd":"2 minuten"},"schema":{"@context":"https:\/\/schema.org","@graph":[{"@type":"Article","@id":"https:\/\/quartiers1060.brussels\/nl\/parcours-velo-ephemere-a-saint-gilles-creez-votre-circuit-a-ciel-ouvert\/#article","isPartOf":{"@id":"https:\/\/quartiers1060.brussels\/nl\/parcours-velo-ephemere-a-saint-gilles-creez-votre-circuit-a-ciel-ouvert\/"},"author":{"name":"D\u00e9borah lozano","@id":"https:\/\/quartiers1060.brussels\/#\/schema\/person\/614a48b133190b8ad48bff97adb89e7e"},"headline":"Het Van Caulaertsquare wordt omgetoverd tot een tijdelijk fietsparcours","datePublished":"2026-09-01T12:39:30+00:00","dateModified":"2026-09-01T14:44:15+00:00","mainEntityOfPage":{"@id":"https:\/\/quartiers1060.brussels\/nl\/parcours-velo-ephemere-a-saint-gilles-creez-votre-circuit-a-ciel-ouvert\/"},"wordCount":187,"publisher":{"@id":"https:\/\/quartiers1060.brussels\/#organization"},"image":{"@id":"https:\/\/quartiers1060.brussels\/nl\/parcours-velo-ephemere-a-saint-gilles-creez-votre-circuit-a-ciel-ouvert\/#primaryimage"},"thumbnailUrl":"https:\/\/quartiers1060.brussels\/wp-content\/uploads\/2026\/09\/damon-lam-FXwkbvS01A4-unsplash-e1788266508193.jpg","keywords":["Bruxelles","Budget Citoyen","Contrat de quartier Durable Midi","\u00e9v\u00e9nement citoyen","r\u00e9novation urbaine","Saint-Gilles"],"articleSection":["Bewonersinitiatieven","CQD-Evenementen","DWC - Nieuws","Wijkleven"],"inLanguage":"nl-NL"},{"@type":"WebPage","@id":"https:\/\/quartiers1060.brussels\/nl\/parcours-velo-ephemere-a-saint-gilles-creez-votre-circuit-a-ciel-ouvert\/","url":"https:\/\/quartiers1060.brussels\/nl\/parcours-velo-ephemere-a-saint-gilles-creez-votre-circuit-a-ciel-ouvert\/","name":"Het Van Caulaertsquare wordt omgetoverd tot een tijdelijk fietsparcours - Stedelijke herwaarding","isPartOf":{"@id":"https:\/\/quartiers1060.brussels\/#website"},"primaryImageOfPage":{"@id":"https:\/\/quartiers1060.brussels\/nl\/parcours-velo-ephemere-a-saint-gilles-creez-votre-circuit-a-ciel-ouvert\/#primaryimage"},"image":{"@id":"https:\/\/quartiers1060.brussels\/nl\/parcours-velo-ephemere-a-saint-gilles-creez-votre-circuit-a-ciel-ouvert\/#primaryimage"},"thumbnailUrl":"https:\/\/quartiers1060.brussels\/wp-content\/uploads\/2026\/09\/damon-lam-FXwkbvS01A4-unsplash-e1788266508193.jpg","datePublished":"2026-09-01T12:39:30+00:00","dateModified":"2026-09-01T14:44:15+00:00","description":"Stedelijke herwaarding Het Van Caulaertsquare wordt omgetoverd tot een tijdelijk fietsparcours","breadcrumb":{"@id":"https:\/\/quartiers1060.brussels\/nl\/parcours-velo-ephemere-a-saint-gilles-creez-votre-circuit-a-ciel-ouvert\/#breadcrumb"},"inLanguage":"nl-NL","potentialAction":[{"@type":"ReadAction","target":["https:\/\/quartiers1060.brussels\/nl\/parcours-velo-ephemere-a-saint-gilles-creez-votre-circuit-a-ciel-ouvert\/"]}]},{"@type":"ImageObject","inLanguage":"nl-NL","@id":"https:\/\/quartiers1060.brussels\/nl\/parcours-velo-ephemere-a-saint-gilles-creez-votre-circuit-a-ciel-ouvert\/#primaryimage","url":"https:\/\/quartiers1060.brussels\/wp-content\/uploads\/2026\/09\/damon-lam-FXwkbvS01A4-unsplash-e1788266508193.jpg","contentUrl":"https:\/\/quartiers1060.brussels\/wp-content\/uploads\/2026\/09\/damon-lam-FXwkbvS01A4-unsplash-e1788266508193.jpg","width":750,"height":1000},{"@type":"BreadcrumbList","@id":"https:\/\/quartiers1060.brussels\/nl\/parcours-velo-ephemere-a-saint-gilles-creez-votre-circuit-a-ciel-ouvert\/#breadcrumb","itemListElement":[{"@type":"ListItem","position":1,"name":"Accueil","item":"https:\/\/quartiers1060.brussels\/"},{"@type":"ListItem","position":2,"name":"Het Van Caulaertsquare wordt omgetoverd tot een tijdelijk fietsparcours"}]},{"@type":"WebSite","@id":"https:\/\/quartiers1060.brussels\/#website","url":"https:\/\/quartiers1060.brussels\/","name":"Stedelijke herwaarding","description":"- Sint-Gillis","publisher":{"@id":"https:\/\/quartiers1060.brussels\/#organization"},"potentialAction":[{"@type":"SearchAction","target":{"@type":"EntryPoint","urlTemplate":"https:\/\/quartiers1060.brussels\/?s={search_term_string}"},"query-input":{"@type":"PropertyValueSpecification","valueRequired":true,"valueName":"search_term_string"}}],"inLanguage":"nl-NL"},{"@type":"Organization","@id":"https:\/\/quartiers1060.brussels\/#organization","name":"Saint-Gilles","url":"https:\/\/quartiers1060.brussels\/","logo":{"@type":"ImageObject","inLanguage":"nl-NL","@id":"https:\/\/quartiers1060.brussels\/#\/schema\/logo\/image\/","url":"https:\/\/quartiers1060.brussels\/wp-content\/uploads\/2021\/06\/RevitUrbaine_Saint-Gilles.svg","contentUrl":"https:\/\/quartiers1060.brussels\/wp-content\/uploads\/2021\/06\/RevitUrbaine_Saint-Gilles.svg","width":243.17,"height":68.96,"caption":"Saint-Gilles"},"image":{"@id":"https:\/\/quartiers1060.brussels\/#\/schema\/logo\/image\/"}},{"@type":"Person","@id":"https:\/\/quartiers1060.brussels\/#\/schema\/person\/614a48b133190b8ad48bff97adb89e7e","name":"D\u00e9borah lozano"}]}},"_links":{"self":[{"href":"https:\/\/quartiers1060.brussels\/nl\/wp-json\/wp\/v2\/posts\/16502","targetHints":{"allow":["GET"]}}],"collection":[{"href":"https:\/\/quartiers1060.brussels\/nl\/wp-json\/wp\/v2\/posts"}],"about":[{"href":"https:\/\/quartiers1060.brussels\/nl\/wp-json\/wp\/v2\/types\/post"}],"author":[{"embeddable":true,"href":"https:\/\/quartiers1060.brussels\/nl\/wp-json\/wp\/v2\/users\/3"}],"replies":[{"embeddable":true,"href":"https:\/\/quartiers1060.brussels\/nl\/wp-json\/wp\/v2\/comments?post=16502"}],"version-history":[{"count":4,"href":"https:\/\/quartiers1060.brussels\/nl\/wp-json\/wp\/v2\/posts\/16502\/revisions"}],"predecessor-version":[{"id":16507,"href":"https:\/\/quartiers1060.brussels\/nl\/wp-json\/wp\/v2\/posts\/16502\/revisions\/16507"}],"wp:featuredmedia":[{"embeddable":true,"href":"https:\/\/quartiers1060.brussels\/nl\/wp-json\/wp\/v2\/media\/16488"}],"wp:attachment":[{"href":"https:\/\/quartiers1060.brussels\/nl\/wp-json\/wp\/v2\/media?parent=16502"}],"wp:term":[{"taxonomy":"category","embeddable":true,"href":"https:\/\/quartiers1060.brussels\/nl\/wp-json\/wp\/v2\/categories?post=16502"},{"taxonomy":"post_tag","embeddable":true,"href":"https:\/\/quartiers1060.brussels\/nl\/wp-json\/wp\/v2\/tags?post=16502"}],"curies":[{"name":"wp","href":"https:\/\/api.w.org\/{rel}","templated":true}]}}