{"id":16518,"date":"2026-09-02T15:07:33","date_gmt":"2026-09-02T13:07:33","guid":{"rendered":"https:\/\/quartiers1060.brussels\/?p=16518"},"modified":"2026-09-02T22:00:24","modified_gmt":"2026-09-02T20:00:24","slug":"et-si-le-lien-changeait-le-monde-une-soiree-dechange-autour-du-lien-social","status":"publish","type":"post","link":"https:\/\/quartiers1060.brussels\/nl\/et-si-le-lien-changeait-le-monde-une-soiree-dechange-autour-du-lien-social\/","title":{"rendered":"Et si le lien changeait le monde ? Une soir\u00e9e d\u2019\u00e9change autour de la lutte contre l&#8217;isolement des a\u00een\u00e9.es"},"content":{"rendered":"\n<p class=\"wp-block-paragraph\">Un caf\u00e9 partag\u00e9, une \u00e9coute attentive, un coup de main\u2026 Des gestes simples, parfois presque anodins, mais qui peuvent changer beaucoup pour les personnes isol\u00e9es. Car parfois, il suffit de peu pour cr\u00e9er du lien et rompre la solitude chez nos a\u00een\u00e9s. C\u2019est dans cet esprit que, le <strong>lundi 28 septembre<\/strong>,\u00a0<a href=\"https:\/\/www.petitvelojaune.be\/\">le Petit v\u00e9lo jaune<\/a>,\u00a0<a href=\"https:\/\/www.brasdessusbrasdessous.be\/\">Bras dessus Bras dessous<\/a>\u00a0et <a href=\"https:\/\/www.tricoterie.be\/fr\/\" target=\"_blank\" rel=\"noreferrer noopener\">La Tricoterie<\/a>, vous invite \u00e0 une soir\u00e9e consacr\u00e9e \u00e0 celles et ceux qui, chaque jour, font vivre la solidarit\u00e9 et le lien social.<\/p>\n\n\n\n<div style=\"height:27px\" aria-hidden=\"true\" class=\"wp-block-spacer\"><\/div>\n\n\n\n<h4 class=\"wp-block-heading\"><mark style=\"background-color:rgba(0, 0, 0, 0)\" class=\"has-inline-color has-bleucqd-color\">R\u00e9fl\u00e9chir ensemble \u00e0 la force du lien social<\/mark><\/h4>\n\n\n\n<div style=\"height:27px\" aria-hidden=\"true\" class=\"wp-block-spacer\"><\/div>\n\n\n\n<p class=\"wp-block-paragraph\">\u00c0 travers des\u00a0<strong>projections<\/strong>, des\u00a0<strong>t\u00e9moignages<\/strong>\u00a0et un\u00a0<strong>temps d\u2019\u00e9change avec des intervenant.es et membres d&#8217;associations<\/strong>, le collectif explorera comment des gestes simples &#8211; donner un peu de son temps, aller \u00e0 la rencontre de l\u2019autre ou simplement offrir une \u00e9coute &#8211; peuvent contribuer \u00e0 rompre le sentiment d&#8217;isolement social chez les seniors, v\u00e9ritable fl\u00e9au des temps modernes. <\/p>\n\n\n\n<p class=\"wp-block-paragraph\">Cette soir\u00e9e sera\u00a0<strong>facilit\u00e9e par Jehanne Berg\u00e9<\/strong> et s\u2019adresse \u00e0 toutes les personnes curieuses de d\u00e9couvrir d\u2019autres mani\u00e8res de s\u2019engager, mais aussi \u00e0 celles et ceux qui souhaitent simplement r\u00e9fl\u00e9chir ensemble \u00e0 ce qui nous relie.<\/p>\n\n\n\n<p class=\"wp-block-paragraph\">Parce que cr\u00e9er du lien n\u2019est pas juste un &#8220;petit geste&#8221;. C\u2019est une mani\u00e8re de faire soci\u00e9t\u00e9.<strong> <\/strong>Un moment convivial pour se rencontrer, \u00e9changer et, peut-\u00eatre, repartir avec l\u2019envie de cr\u00e9er un peu plus de lien autour de soi.<\/p>\n\n\n\n<div style=\"height:27px\" aria-hidden=\"true\" class=\"wp-block-spacer\"><\/div>\n\n\n\n<h4 class=\"wp-block-heading\"><mark style=\"background-color:rgba(0, 0, 0, 0)\" class=\"has-inline-color has-bleucqd-color\">Infos pratiques<\/mark><\/h4>\n\n\n\n<div style=\"height:27px\" aria-hidden=\"true\" class=\"wp-block-spacer\"><\/div>\n\n\n\n<ul class=\"wp-block-list\">\n<li><strong>Date &amp; Heure&nbsp;<\/strong>&nbsp;: <mark style=\"background-color:rgba(0, 0, 0, 0)\" class=\"has-inline-color has-bleucqd-color\">Lundi 28 septembre<\/mark> 2026 de 18h \u00e0 21h<\/li>\n\n\n\n<li><strong>Lieu : <\/strong><mark style=\"background-color:rgba(0, 0, 0, 0)\" class=\"has-inline-color has-bleucqd-color\">La tricoterie<\/mark>, salle Grenier, \u00e0 la Tricoterie &#8211; Rue Th\u00e9odore Verhaegen 158, 1060 Saint-Gilles<\/li>\n<\/ul>\n\n\n\n<p class=\"wp-block-paragraph\">L\u2019entr\u00e9e est gratuite et un verre d\u2019accueil sera offert \u00e0 l\u2019ensemble des participant.es. Pour pr\u00e9parer au mieux cette soir\u00e9e plac\u00e9e sous le signe de la rencontre et du partage, n\u2019h\u00e9sitez pas \u00e0 inviter votre entourage, ou toute personne int\u00e9ress\u00e9e ou concern\u00e9e par cette th\u00e9matique. Pensez \u00e9galement \u00e0 vous inscrire suffisamment \u00e0 l\u2019avance !<\/p>\n\n\n\n<div style=\"height:10px\" aria-hidden=\"true\" class=\"wp-block-spacer\"><\/div>\n\n\n\n<div class=\"wp-block-buttons is-content-justification-center is-layout-flex wp-container-core-buttons-is-layout-fe48e5de wp-block-buttons-is-layout-flex\">\n<div class=\"wp-block-button is-style-outline is-style-outline--1\"><a class=\"wp-block-button__link has-bleucqd-color has-text-color has-link-color has-text-align-center wp-element-button\" href=\"https:\/\/docs.google.com\/forms\/d\/e\/1FAIpQLScFQZRjJk2dgRq7RMWoi3f__GkU4KZPh4X8NtlQjtCtXlW3Zw\/viewform\" style=\"border-top-left-radius:0px;border-top-right-radius:0px;border-bottom-left-radius:0px;border-bottom-right-radius:0px;padding-top:var(--wp--preset--spacing--40);padding-bottom:var(--wp--preset--spacing--40)\" target=\"_blank\" rel=\"noopener\">R\u00e9servez vos places<\/a><\/div>\n<\/div>\n\n\n\n<p class=\"wp-block-paragraph\"><\/p>\n","protected":false},"excerpt":{"rendered":"<p>Le 28 septembre, le collectif TWOgether vous invitent \u00e0 la Tricoterie pour une soir\u00e9e d\u2019\u00e9change autour de l\u2019isolement et de la force du lien social. Un moment convivial, ouvert \u00e0 toutes et tous, pour questionner ensemble ce qui nous relie et la place que chacun\u00b7e peut prendre dans la lutte contre la solitude des a\u00een\u00e9s. Projections, t\u00e9moignages, \u00e9changes\u2026 D\u00e9couvrez le programme et les temps forts de cette soir\u00e9e plac\u00e9e sous le signe de la rencontre.<\/p>\n","protected":false},"author":3,"featured_media":16517,"comment_status":"closed","ping_status":"closed","sticky":false,"template":"","format":"standard","meta":{"_acf_changed":false,"om_disable_all_campaigns":false,"footnotes":""},"categories":[69,54,62],"tags":[364,109,170,142,112],"class_list":["post-16518","post","type-post","status-publish","format-standard","has-post-thumbnail","hentry","category-cqd-evenementen","category-cqd-actualiteiten","category-participatie","tag-benevolat","tag-bruxelles-nl","tag-contrat-de-quartier-durable-midi","tag-participation-citoyenne-nl","tag-saint-gilles-nl","entry"],"acf":[],"yoast_head":"<!-- This site is optimized with the Yoast SEO plugin v28.4 - https:\/\/yoast.com\/product\/yoast-seo-wordpress\/ -->\n<title>Et si le lien changeait le monde ? Une soir\u00e9e d\u2019\u00e9change autour de la lutte contre l&#039;isolement des a\u00een\u00e9.es - Stedelijke herwaarding<\/title>\n<meta name=\"description\" content=\"Stedelijke herwaarding Et si le lien changeait le monde ? Une soir\u00e9e d\u2019\u00e9change autour de la lutte contre l&#039;isolement des a\u00een\u00e9.es\" \/>\n<meta name=\"robots\" content=\"index, follow, max-snippet:-1, max-image-preview:large, max-video-preview:-1\" \/>\n<link rel=\"canonical\" href=\"https:\/\/quartiers1060.brussels\/nl\/et-si-le-lien-changeait-le-monde-une-soiree-dechange-autour-du-lien-social\/\" \/>\n<meta property=\"og:locale\" content=\"nl_NL\" \/>\n<meta property=\"og:type\" content=\"article\" \/>\n<meta property=\"og:title\" content=\"Et si le lien changeait le monde ? Une soir\u00e9e d\u2019\u00e9change autour de la lutte contre l&#039;isolement des a\u00een\u00e9.es - Stedelijke herwaarding\" \/>\n<meta property=\"og:description\" content=\"Stedelijke herwaarding Et si le lien changeait le monde ? Une soir\u00e9e d\u2019\u00e9change autour de la lutte contre l&#039;isolement des a\u00een\u00e9.es\" \/>\n<meta property=\"og:url\" content=\"https:\/\/quartiers1060.brussels\/nl\/et-si-le-lien-changeait-le-monde-une-soiree-dechange-autour-du-lien-social\/\" \/>\n<meta property=\"og:site_name\" content=\"Stedelijke herwaarding\" \/>\n<meta property=\"article:published_time\" content=\"2026-09-02T13:07:33+00:00\" \/>\n<meta property=\"article:modified_time\" content=\"2026-09-02T20:00:24+00:00\" \/>\n<meta property=\"og:image\" content=\"http:\/\/quartiers1060.brussels\/wp-content\/uploads\/2026\/09\/789728061_1603825465113169_3321919268152213962_n-e1788352718845.jpg\" \/>\n\t<meta property=\"og:image:width\" content=\"2048\" \/>\n\t<meta property=\"og:image:height\" content=\"1448\" \/>\n\t<meta property=\"og:image:type\" content=\"image\/jpeg\" \/>\n<meta name=\"author\" content=\"D\u00e9borah lozano\" \/>\n<meta name=\"twitter:card\" content=\"summary_large_image\" \/>\n<meta name=\"twitter:label1\" content=\"Geschreven door\" \/>\n\t<meta name=\"twitter:data1\" content=\"D\u00e9borah lozano\" \/>\n\t<meta name=\"twitter:label2\" content=\"Geschatte leestijd\" \/>\n\t<meta name=\"twitter:data2\" content=\"2 minuten\" \/>\n<script type=\"application\/ld+json\" class=\"yoast-schema-graph\">{\"@context\":\"https:\\\/\\\/schema.org\",\"@graph\":[{\"@type\":\"Article\",\"@id\":\"https:\\\/\\\/quartiers1060.brussels\\\/nl\\\/et-si-le-lien-changeait-le-monde-une-soiree-dechange-autour-du-lien-social\\\/#article\",\"isPartOf\":{\"@id\":\"https:\\\/\\\/quartiers1060.brussels\\\/nl\\\/et-si-le-lien-changeait-le-monde-une-soiree-dechange-autour-du-lien-social\\\/\"},\"author\":{\"name\":\"D\u00e9borah lozano\",\"@id\":\"https:\\\/\\\/quartiers1060.brussels\\\/#\\\/schema\\\/person\\\/614a48b133190b8ad48bff97adb89e7e\"},\"headline\":\"Et si le lien changeait le monde ? Une soir\u00e9e d\u2019\u00e9change autour de la lutte contre l&#8217;isolement des a\u00een\u00e9.es\",\"datePublished\":\"2026-09-02T13:07:33+00:00\",\"dateModified\":\"2026-09-02T20:00:24+00:00\",\"mainEntityOfPage\":{\"@id\":\"https:\\\/\\\/quartiers1060.brussels\\\/nl\\\/et-si-le-lien-changeait-le-monde-une-soiree-dechange-autour-du-lien-social\\\/\"},\"wordCount\":364,\"publisher\":{\"@id\":\"https:\\\/\\\/quartiers1060.brussels\\\/#organization\"},\"image\":{\"@id\":\"https:\\\/\\\/quartiers1060.brussels\\\/nl\\\/et-si-le-lien-changeait-le-monde-une-soiree-dechange-autour-du-lien-social\\\/#primaryimage\"},\"thumbnailUrl\":\"https:\\\/\\\/quartiers1060.brussels\\\/wp-content\\\/uploads\\\/2026\\\/09\\\/789728061_1603825465113169_3321919268152213962_n-e1788352718845.jpg\",\"keywords\":[\"b\u00e9n\u00e9volat\",\"Bruxelles\",\"Contrat de quartier Durable Midi\",\"participation citoyenne\",\"Saint-Gilles\"],\"articleSection\":[\"CQD-Evenementen\",\"DWC - Nieuws\",\"Participatie\"],\"inLanguage\":\"nl-NL\"},{\"@type\":\"WebPage\",\"@id\":\"https:\\\/\\\/quartiers1060.brussels\\\/nl\\\/et-si-le-lien-changeait-le-monde-une-soiree-dechange-autour-du-lien-social\\\/\",\"url\":\"https:\\\/\\\/quartiers1060.brussels\\\/nl\\\/et-si-le-lien-changeait-le-monde-une-soiree-dechange-autour-du-lien-social\\\/\",\"name\":\"Et si le lien changeait le monde ? Une soir\u00e9e d\u2019\u00e9change autour de la lutte contre l'isolement des a\u00een\u00e9.es - Stedelijke herwaarding\",\"isPartOf\":{\"@id\":\"https:\\\/\\\/quartiers1060.brussels\\\/#website\"},\"primaryImageOfPage\":{\"@id\":\"https:\\\/\\\/quartiers1060.brussels\\\/nl\\\/et-si-le-lien-changeait-le-monde-une-soiree-dechange-autour-du-lien-social\\\/#primaryimage\"},\"image\":{\"@id\":\"https:\\\/\\\/quartiers1060.brussels\\\/nl\\\/et-si-le-lien-changeait-le-monde-une-soiree-dechange-autour-du-lien-social\\\/#primaryimage\"},\"thumbnailUrl\":\"https:\\\/\\\/quartiers1060.brussels\\\/wp-content\\\/uploads\\\/2026\\\/09\\\/789728061_1603825465113169_3321919268152213962_n-e1788352718845.jpg\",\"datePublished\":\"2026-09-02T13:07:33+00:00\",\"dateModified\":\"2026-09-02T20:00:24+00:00\",\"description\":\"Stedelijke herwaarding Et si le lien changeait le monde ? Une soir\u00e9e d\u2019\u00e9change autour de la lutte contre l'isolement des a\u00een\u00e9.es\",\"breadcrumb\":{\"@id\":\"https:\\\/\\\/quartiers1060.brussels\\\/nl\\\/et-si-le-lien-changeait-le-monde-une-soiree-dechange-autour-du-lien-social\\\/#breadcrumb\"},\"inLanguage\":\"nl-NL\",\"potentialAction\":[{\"@type\":\"ReadAction\",\"target\":[\"https:\\\/\\\/quartiers1060.brussels\\\/nl\\\/et-si-le-lien-changeait-le-monde-une-soiree-dechange-autour-du-lien-social\\\/\"]}]},{\"@type\":\"ImageObject\",\"inLanguage\":\"nl-NL\",\"@id\":\"https:\\\/\\\/quartiers1060.brussels\\\/nl\\\/et-si-le-lien-changeait-le-monde-une-soiree-dechange-autour-du-lien-social\\\/#primaryimage\",\"url\":\"https:\\\/\\\/quartiers1060.brussels\\\/wp-content\\\/uploads\\\/2026\\\/09\\\/789728061_1603825465113169_3321919268152213962_n-e1788352718845.jpg\",\"contentUrl\":\"https:\\\/\\\/quartiers1060.brussels\\\/wp-content\\\/uploads\\\/2026\\\/09\\\/789728061_1603825465113169_3321919268152213962_n-e1788352718845.jpg\",\"width\":2048,\"height\":1448},{\"@type\":\"BreadcrumbList\",\"@id\":\"https:\\\/\\\/quartiers1060.brussels\\\/nl\\\/et-si-le-lien-changeait-le-monde-une-soiree-dechange-autour-du-lien-social\\\/#breadcrumb\",\"itemListElement\":[{\"@type\":\"ListItem\",\"position\":1,\"name\":\"Accueil\",\"item\":\"https:\\\/\\\/quartiers1060.brussels\\\/\"},{\"@type\":\"ListItem\",\"position\":2,\"name\":\"Et si le lien changeait le monde ? Une soir\u00e9e d\u2019\u00e9change autour de la lutte contre l&rsquo;isolement des a\u00een\u00e9.es\"}]},{\"@type\":\"WebSite\",\"@id\":\"https:\\\/\\\/quartiers1060.brussels\\\/#website\",\"url\":\"https:\\\/\\\/quartiers1060.brussels\\\/\",\"name\":\"Stedelijke herwaarding\",\"description\":\"- Sint-Gillis\",\"publisher\":{\"@id\":\"https:\\\/\\\/quartiers1060.brussels\\\/#organization\"},\"potentialAction\":[{\"@type\":\"SearchAction\",\"target\":{\"@type\":\"EntryPoint\",\"urlTemplate\":\"https:\\\/\\\/quartiers1060.brussels\\\/?s={search_term_string}\"},\"query-input\":{\"@type\":\"PropertyValueSpecification\",\"valueRequired\":true,\"valueName\":\"search_term_string\"}}],\"inLanguage\":\"nl-NL\"},{\"@type\":\"Organization\",\"@id\":\"https:\\\/\\\/quartiers1060.brussels\\\/#organization\",\"name\":\"Saint-Gilles\",\"url\":\"https:\\\/\\\/quartiers1060.brussels\\\/\",\"logo\":{\"@type\":\"ImageObject\",\"inLanguage\":\"nl-NL\",\"@id\":\"https:\\\/\\\/quartiers1060.brussels\\\/#\\\/schema\\\/logo\\\/image\\\/\",\"url\":\"https:\\\/\\\/quartiers1060.brussels\\\/wp-content\\\/uploads\\\/2021\\\/06\\\/RevitUrbaine_Saint-Gilles.svg\",\"contentUrl\":\"https:\\\/\\\/quartiers1060.brussels\\\/wp-content\\\/uploads\\\/2021\\\/06\\\/RevitUrbaine_Saint-Gilles.svg\",\"width\":243.17,\"height\":68.96,\"caption\":\"Saint-Gilles\"},\"image\":{\"@id\":\"https:\\\/\\\/quartiers1060.brussels\\\/#\\\/schema\\\/logo\\\/image\\\/\"}},{\"@type\":\"Person\",\"@id\":\"https:\\\/\\\/quartiers1060.brussels\\\/#\\\/schema\\\/person\\\/614a48b133190b8ad48bff97adb89e7e\",\"name\":\"D\u00e9borah lozano\"}]}<\/script>\n<!-- \/ Yoast SEO plugin. -->","yoast_head_json":{"title":"Et si le lien changeait le monde ? Une soir\u00e9e d\u2019\u00e9change autour de la lutte contre l'isolement des a\u00een\u00e9.es - Stedelijke herwaarding","description":"Stedelijke herwaarding Et si le lien changeait le monde ? Une soir\u00e9e d\u2019\u00e9change autour de la lutte contre l'isolement des a\u00een\u00e9.es","robots":{"index":"index","follow":"follow","max-snippet":"max-snippet:-1","max-image-preview":"max-image-preview:large","max-video-preview":"max-video-preview:-1"},"canonical":"https:\/\/quartiers1060.brussels\/nl\/et-si-le-lien-changeait-le-monde-une-soiree-dechange-autour-du-lien-social\/","og_locale":"nl_NL","og_type":"article","og_title":"Et si le lien changeait le monde ? Une soir\u00e9e d\u2019\u00e9change autour de la lutte contre l'isolement des a\u00een\u00e9.es - Stedelijke herwaarding","og_description":"Stedelijke herwaarding Et si le lien changeait le monde ? Une soir\u00e9e d\u2019\u00e9change autour de la lutte contre l'isolement des a\u00een\u00e9.es","og_url":"https:\/\/quartiers1060.brussels\/nl\/et-si-le-lien-changeait-le-monde-une-soiree-dechange-autour-du-lien-social\/","og_site_name":"Stedelijke herwaarding","article_published_time":"2026-09-02T13:07:33+00:00","article_modified_time":"2026-09-02T20:00:24+00:00","og_image":[{"width":2048,"height":1448,"url":"http:\/\/quartiers1060.brussels\/wp-content\/uploads\/2026\/09\/789728061_1603825465113169_3321919268152213962_n-e1788352718845.jpg","type":"image\/jpeg"}],"author":"D\u00e9borah lozano","twitter_card":"summary_large_image","twitter_misc":{"Geschreven door":"D\u00e9borah lozano","Geschatte leestijd":"2 minuten"},"schema":{"@context":"https:\/\/schema.org","@graph":[{"@type":"Article","@id":"https:\/\/quartiers1060.brussels\/nl\/et-si-le-lien-changeait-le-monde-une-soiree-dechange-autour-du-lien-social\/#article","isPartOf":{"@id":"https:\/\/quartiers1060.brussels\/nl\/et-si-le-lien-changeait-le-monde-une-soiree-dechange-autour-du-lien-social\/"},"author":{"name":"D\u00e9borah lozano","@id":"https:\/\/quartiers1060.brussels\/#\/schema\/person\/614a48b133190b8ad48bff97adb89e7e"},"headline":"Et si le lien changeait le monde ? Une soir\u00e9e d\u2019\u00e9change autour de la lutte contre l&#8217;isolement des a\u00een\u00e9.es","datePublished":"2026-09-02T13:07:33+00:00","dateModified":"2026-09-02T20:00:24+00:00","mainEntityOfPage":{"@id":"https:\/\/quartiers1060.brussels\/nl\/et-si-le-lien-changeait-le-monde-une-soiree-dechange-autour-du-lien-social\/"},"wordCount":364,"publisher":{"@id":"https:\/\/quartiers1060.brussels\/#organization"},"image":{"@id":"https:\/\/quartiers1060.brussels\/nl\/et-si-le-lien-changeait-le-monde-une-soiree-dechange-autour-du-lien-social\/#primaryimage"},"thumbnailUrl":"https:\/\/quartiers1060.brussels\/wp-content\/uploads\/2026\/09\/789728061_1603825465113169_3321919268152213962_n-e1788352718845.jpg","keywords":["b\u00e9n\u00e9volat","Bruxelles","Contrat de quartier Durable Midi","participation citoyenne","Saint-Gilles"],"articleSection":["CQD-Evenementen","DWC - Nieuws","Participatie"],"inLanguage":"nl-NL"},{"@type":"WebPage","@id":"https:\/\/quartiers1060.brussels\/nl\/et-si-le-lien-changeait-le-monde-une-soiree-dechange-autour-du-lien-social\/","url":"https:\/\/quartiers1060.brussels\/nl\/et-si-le-lien-changeait-le-monde-une-soiree-dechange-autour-du-lien-social\/","name":"Et si le lien changeait le monde ? Une soir\u00e9e d\u2019\u00e9change autour de la lutte contre l'isolement des a\u00een\u00e9.es - Stedelijke herwaarding","isPartOf":{"@id":"https:\/\/quartiers1060.brussels\/#website"},"primaryImageOfPage":{"@id":"https:\/\/quartiers1060.brussels\/nl\/et-si-le-lien-changeait-le-monde-une-soiree-dechange-autour-du-lien-social\/#primaryimage"},"image":{"@id":"https:\/\/quartiers1060.brussels\/nl\/et-si-le-lien-changeait-le-monde-une-soiree-dechange-autour-du-lien-social\/#primaryimage"},"thumbnailUrl":"https:\/\/quartiers1060.brussels\/wp-content\/uploads\/2026\/09\/789728061_1603825465113169_3321919268152213962_n-e1788352718845.jpg","datePublished":"2026-09-02T13:07:33+00:00","dateModified":"2026-09-02T20:00:24+00:00","description":"Stedelijke herwaarding Et si le lien changeait le monde ? Une soir\u00e9e d\u2019\u00e9change autour de la lutte contre l'isolement des a\u00een\u00e9.es","breadcrumb":{"@id":"https:\/\/quartiers1060.brussels\/nl\/et-si-le-lien-changeait-le-monde-une-soiree-dechange-autour-du-lien-social\/#breadcrumb"},"inLanguage":"nl-NL","potentialAction":[{"@type":"ReadAction","target":["https:\/\/quartiers1060.brussels\/nl\/et-si-le-lien-changeait-le-monde-une-soiree-dechange-autour-du-lien-social\/"]}]},{"@type":"ImageObject","inLanguage":"nl-NL","@id":"https:\/\/quartiers1060.brussels\/nl\/et-si-le-lien-changeait-le-monde-une-soiree-dechange-autour-du-lien-social\/#primaryimage","url":"https:\/\/quartiers1060.brussels\/wp-content\/uploads\/2026\/09\/789728061_1603825465113169_3321919268152213962_n-e1788352718845.jpg","contentUrl":"https:\/\/quartiers1060.brussels\/wp-content\/uploads\/2026\/09\/789728061_1603825465113169_3321919268152213962_n-e1788352718845.jpg","width":2048,"height":1448},{"@type":"BreadcrumbList","@id":"https:\/\/quartiers1060.brussels\/nl\/et-si-le-lien-changeait-le-monde-une-soiree-dechange-autour-du-lien-social\/#breadcrumb","itemListElement":[{"@type":"ListItem","position":1,"name":"Accueil","item":"https:\/\/quartiers1060.brussels\/"},{"@type":"ListItem","position":2,"name":"Et si le lien changeait le monde ? Une soir\u00e9e d\u2019\u00e9change autour de la lutte contre l&rsquo;isolement des a\u00een\u00e9.es"}]},{"@type":"WebSite","@id":"https:\/\/quartiers1060.brussels\/#website","url":"https:\/\/quartiers1060.brussels\/","name":"Stedelijke herwaarding","description":"- Sint-Gillis","publisher":{"@id":"https:\/\/quartiers1060.brussels\/#organization"},"potentialAction":[{"@type":"SearchAction","target":{"@type":"EntryPoint","urlTemplate":"https:\/\/quartiers1060.brussels\/?s={search_term_string}"},"query-input":{"@type":"PropertyValueSpecification","valueRequired":true,"valueName":"search_term_string"}}],"inLanguage":"nl-NL"},{"@type":"Organization","@id":"https:\/\/quartiers1060.brussels\/#organization","name":"Saint-Gilles","url":"https:\/\/quartiers1060.brussels\/","logo":{"@type":"ImageObject","inLanguage":"nl-NL","@id":"https:\/\/quartiers1060.brussels\/#\/schema\/logo\/image\/","url":"https:\/\/quartiers1060.brussels\/wp-content\/uploads\/2021\/06\/RevitUrbaine_Saint-Gilles.svg","contentUrl":"https:\/\/quartiers1060.brussels\/wp-content\/uploads\/2021\/06\/RevitUrbaine_Saint-Gilles.svg","width":243.17,"height":68.96,"caption":"Saint-Gilles"},"image":{"@id":"https:\/\/quartiers1060.brussels\/#\/schema\/logo\/image\/"}},{"@type":"Person","@id":"https:\/\/quartiers1060.brussels\/#\/schema\/person\/614a48b133190b8ad48bff97adb89e7e","name":"D\u00e9borah lozano"}]}},"_links":{"self":[{"href":"https:\/\/quartiers1060.brussels\/nl\/wp-json\/wp\/v2\/posts\/16518","targetHints":{"allow":["GET"]}}],"collection":[{"href":"https:\/\/quartiers1060.brussels\/nl\/wp-json\/wp\/v2\/posts"}],"about":[{"href":"https:\/\/quartiers1060.brussels\/nl\/wp-json\/wp\/v2\/types\/post"}],"author":[{"embeddable":true,"href":"https:\/\/quartiers1060.brussels\/nl\/wp-json\/wp\/v2\/users\/3"}],"replies":[{"embeddable":true,"href":"https:\/\/quartiers1060.brussels\/nl\/wp-json\/wp\/v2\/comments?post=16518"}],"version-history":[{"count":5,"href":"https:\/\/quartiers1060.brussels\/nl\/wp-json\/wp\/v2\/posts\/16518\/revisions"}],"predecessor-version":[{"id":16532,"href":"https:\/\/quartiers1060.brussels\/nl\/wp-json\/wp\/v2\/posts\/16518\/revisions\/16532"}],"wp:featuredmedia":[{"embeddable":true,"href":"https:\/\/quartiers1060.brussels\/nl\/wp-json\/wp\/v2\/media\/16517"}],"wp:attachment":[{"href":"https:\/\/quartiers1060.brussels\/nl\/wp-json\/wp\/v2\/media?parent=16518"}],"wp:term":[{"taxonomy":"category","embeddable":true,"href":"https:\/\/quartiers1060.brussels\/nl\/wp-json\/wp\/v2\/categories?post=16518"},{"taxonomy":"post_tag","embeddable":true,"href":"https:\/\/quartiers1060.brussels\/nl\/wp-json\/wp\/v2\/tags?post=16518"}],"curies":[{"name":"wp","href":"https:\/\/api.w.org\/{rel}","templated":true}]}}