{"id":5061,"date":"2021-04-24T10:50:00","date_gmt":"2021-04-24T08:50:00","guid":{"rendered":"https:\/\/quartiers1060.brussels\/?p=5061"},"modified":"2021-09-27T09:27:56","modified_gmt":"2021-09-27T07:27:56","slug":"le-contrat-de-renovation-urbaine-midi","status":"publish","type":"post","link":"https:\/\/quartiers1060.brussels\/nl\/le-contrat-de-renovation-urbaine-midi\/","title":{"rendered":"Le Contrat de r\u00e9novation urbaine Midi"},"content":{"rendered":"\n<p>Le gouvernement bruxellois a d\u00e9cid\u00e9 de lancer un nouveau <a href=\"https:\/\/quartiers.brussels\/2\/\" target=\"_blank\" rel=\"noreferrer noopener\">contrat de r\u00e9novation urbaine<\/a> (CRU) dans les quartiers situ\u00e9s autour de la gare du Midi,&nbsp;qui associe les communes&nbsp;de Saint-Gilles, d\u2019Anderlecht et de la Ville de Bruxelles. Le programme devrait \u00eatre finalis\u00e9 au cours du premier trimestre 2022 et adopt\u00e9 \u00e0 la fin de cette m\u00eame ann\u00e9e.<\/p>\n\n\n\n<p>Ce nouveau CRU permettra de financer certaines des ambitions du projet urbain Midi \u00e0 savoir la cr\u00e9ation de logements et d\u2019\u00e9quipements locaux, la cr\u00e9ation d\u2019un<strong>&nbsp;meilleur maillage urbain et l\u2019am\u00e9nagement de nouveaux espaces publics<\/strong><\/p>\n\n\n\n<p><strong>Plus d\u2019infos<\/strong><br><a href=\"https:\/\/perspective.brussels\/fr\/actualites\/un-nouveau-contrat-de-renovation-urbaine-autour-de-la-gare-du-midi\" target=\"_blank\" rel=\"noreferrer noopener\">www.perspective.brussels<\/a><\/p>\n\n\n\n<div style=\"height:20px\" aria-hidden=\"true\" class=\"wp-block-spacer\"><\/div>\n\n\n\n<div class=\"wp-block-image is-style-default\"><figure class=\"aligncenter size-full is-resized\"><img fetchpriority=\"high\" decoding=\"async\" src=\"http:\/\/quartiers1060.brussels\/wp-content\/uploads\/2021\/09\/CRU_Midi.jpg\" alt=\"\" class=\"wp-image-5027\" width=\"490\" height=\"342\" srcset=\"https:\/\/quartiers1060.brussels\/wp-content\/uploads\/2021\/09\/CRU_Midi.jpg 979w, https:\/\/quartiers1060.brussels\/wp-content\/uploads\/2021\/09\/CRU_Midi-300x210.jpg 300w, https:\/\/quartiers1060.brussels\/wp-content\/uploads\/2021\/09\/CRU_Midi-768x537.jpg 768w\" sizes=\"(max-width: 490px) 100vw, 490px\" \/><\/figure><\/div>\n\n\n\n<p><\/p>\n","protected":false},"excerpt":{"rendered":"<p>Le gouvernement bruxellois a d\u00e9cid\u00e9 de lancer un nouveau contrat de r\u00e9novation urbaine (CRU) dans les quartiers situ\u00e9s autour de la gare du Midi,\u00a0qui associe les communes\u00a0de Saint-Gilles, d\u2019Anderlecht et de la Ville de Bruxelles. <\/p>\n","protected":false},"author":2,"featured_media":0,"comment_status":"open","ping_status":"open","sticky":false,"template":"","format":"standard","meta":{"_acf_changed":false,"om_disable_all_campaigns":false,"footnotes":""},"categories":[88,90],"tags":[],"class_list":["post-5061","post","type-post","status-publish","format-standard","hentry","category-svc-actualiteit","category-wijkinfrastructuur-nl","entry"],"acf":[],"yoast_head":"<!-- This site is optimized with the Yoast SEO plugin v27.4 - https:\/\/yoast.com\/product\/yoast-seo-wordpress\/ -->\n<title>Le Contrat de r\u00e9novation urbaine Midi - Stedelijke herwaarding<\/title>\n<meta name=\"robots\" content=\"index, follow, max-snippet:-1, max-image-preview:large, max-video-preview:-1\" \/>\n<link rel=\"canonical\" href=\"https:\/\/quartiers1060.brussels\/nl\/le-contrat-de-renovation-urbaine-midi\/\" \/>\n<meta property=\"og:locale\" content=\"nl_NL\" \/>\n<meta property=\"og:type\" content=\"article\" \/>\n<meta property=\"og:title\" content=\"Le Contrat de r\u00e9novation urbaine Midi - Stedelijke herwaarding\" \/>\n<meta property=\"og:description\" content=\"Le gouvernement bruxellois a d\u00e9cid\u00e9 de lancer un nouveau contrat de r\u00e9novation urbaine (CRU) dans les quartiers situ\u00e9s autour de la gare du Midi,\u00a0qui associe les communes\u00a0de Saint-Gilles, d\u2019Anderlecht et de la Ville de Bruxelles.\" \/>\n<meta property=\"og:url\" content=\"https:\/\/quartiers1060.brussels\/nl\/le-contrat-de-renovation-urbaine-midi\/\" \/>\n<meta property=\"og:site_name\" content=\"Stedelijke herwaarding\" \/>\n<meta property=\"article:published_time\" content=\"2021-04-24T08:50:00+00:00\" \/>\n<meta property=\"article:modified_time\" content=\"2021-09-27T07:27:56+00:00\" \/>\n<meta property=\"og:image\" content=\"http:\/\/quartiers1060.brussels\/wp-content\/uploads\/2021\/09\/CRU_Midi.jpg\" \/>\n<meta name=\"author\" content=\"Amandine\" \/>\n<meta name=\"twitter:card\" content=\"summary_large_image\" \/>\n<meta name=\"twitter:label1\" content=\"Geschreven door\" \/>\n\t<meta name=\"twitter:data1\" content=\"Amandine\" \/>\n\t<meta name=\"twitter:label2\" content=\"Geschatte leestijd\" \/>\n\t<meta name=\"twitter:data2\" content=\"1 minuut\" \/>\n<script type=\"application\/ld+json\" class=\"yoast-schema-graph\">{\"@context\":\"https:\\\/\\\/schema.org\",\"@graph\":[{\"@type\":\"Article\",\"@id\":\"https:\\\/\\\/quartiers1060.brussels\\\/nl\\\/le-contrat-de-renovation-urbaine-midi\\\/#article\",\"isPartOf\":{\"@id\":\"https:\\\/\\\/quartiers1060.brussels\\\/nl\\\/le-contrat-de-renovation-urbaine-midi\\\/\"},\"author\":{\"name\":\"Amandine\",\"@id\":\"https:\\\/\\\/quartiers1060.brussels\\\/#\\\/schema\\\/person\\\/eba0fa952ebfcfe8c6c6e64ab84cc35c\"},\"headline\":\"Le Contrat de r\u00e9novation urbaine Midi\",\"datePublished\":\"2021-04-24T08:50:00+00:00\",\"dateModified\":\"2021-09-27T07:27:56+00:00\",\"mainEntityOfPage\":{\"@id\":\"https:\\\/\\\/quartiers1060.brussels\\\/nl\\\/le-contrat-de-renovation-urbaine-midi\\\/\"},\"wordCount\":116,\"commentCount\":0,\"publisher\":{\"@id\":\"https:\\\/\\\/quartiers1060.brussels\\\/#organization\"},\"image\":{\"@id\":\"https:\\\/\\\/quartiers1060.brussels\\\/nl\\\/le-contrat-de-renovation-urbaine-midi\\\/#primaryimage\"},\"thumbnailUrl\":\"http:\\\/\\\/quartiers1060.brussels\\\/wp-content\\\/uploads\\\/2021\\\/09\\\/CRU_Midi.jpg\",\"articleSection\":[\"SVC - Nieuws\",\"Wijkinfrastructuur\"],\"inLanguage\":\"nl-NL\",\"potentialAction\":[{\"@type\":\"CommentAction\",\"name\":\"Comment\",\"target\":[\"https:\\\/\\\/quartiers1060.brussels\\\/nl\\\/le-contrat-de-renovation-urbaine-midi\\\/#respond\"]}]},{\"@type\":\"WebPage\",\"@id\":\"https:\\\/\\\/quartiers1060.brussels\\\/nl\\\/le-contrat-de-renovation-urbaine-midi\\\/\",\"url\":\"https:\\\/\\\/quartiers1060.brussels\\\/nl\\\/le-contrat-de-renovation-urbaine-midi\\\/\",\"name\":\"Le Contrat de r\u00e9novation urbaine Midi - Stedelijke herwaarding\",\"isPartOf\":{\"@id\":\"https:\\\/\\\/quartiers1060.brussels\\\/#website\"},\"primaryImageOfPage\":{\"@id\":\"https:\\\/\\\/quartiers1060.brussels\\\/nl\\\/le-contrat-de-renovation-urbaine-midi\\\/#primaryimage\"},\"image\":{\"@id\":\"https:\\\/\\\/quartiers1060.brussels\\\/nl\\\/le-contrat-de-renovation-urbaine-midi\\\/#primaryimage\"},\"thumbnailUrl\":\"http:\\\/\\\/quartiers1060.brussels\\\/wp-content\\\/uploads\\\/2021\\\/09\\\/CRU_Midi.jpg\",\"datePublished\":\"2021-04-24T08:50:00+00:00\",\"dateModified\":\"2021-09-27T07:27:56+00:00\",\"breadcrumb\":{\"@id\":\"https:\\\/\\\/quartiers1060.brussels\\\/nl\\\/le-contrat-de-renovation-urbaine-midi\\\/#breadcrumb\"},\"inLanguage\":\"nl-NL\",\"potentialAction\":[{\"@type\":\"ReadAction\",\"target\":[\"https:\\\/\\\/quartiers1060.brussels\\\/nl\\\/le-contrat-de-renovation-urbaine-midi\\\/\"]}]},{\"@type\":\"ImageObject\",\"inLanguage\":\"nl-NL\",\"@id\":\"https:\\\/\\\/quartiers1060.brussels\\\/nl\\\/le-contrat-de-renovation-urbaine-midi\\\/#primaryimage\",\"url\":\"http:\\\/\\\/quartiers1060.brussels\\\/wp-content\\\/uploads\\\/2021\\\/09\\\/CRU_Midi.jpg\",\"contentUrl\":\"http:\\\/\\\/quartiers1060.brussels\\\/wp-content\\\/uploads\\\/2021\\\/09\\\/CRU_Midi.jpg\"},{\"@type\":\"BreadcrumbList\",\"@id\":\"https:\\\/\\\/quartiers1060.brussels\\\/nl\\\/le-contrat-de-renovation-urbaine-midi\\\/#breadcrumb\",\"itemListElement\":[{\"@type\":\"ListItem\",\"position\":1,\"name\":\"Accueil\",\"item\":\"https:\\\/\\\/quartiers1060.brussels\\\/\"},{\"@type\":\"ListItem\",\"position\":2,\"name\":\"Le Contrat de r\u00e9novation urbaine Midi\"}]},{\"@type\":\"WebSite\",\"@id\":\"https:\\\/\\\/quartiers1060.brussels\\\/#website\",\"url\":\"https:\\\/\\\/quartiers1060.brussels\\\/\",\"name\":\"Stedelijke herwaarding\",\"description\":\"- Sint-Gillis\",\"publisher\":{\"@id\":\"https:\\\/\\\/quartiers1060.brussels\\\/#organization\"},\"potentialAction\":[{\"@type\":\"SearchAction\",\"target\":{\"@type\":\"EntryPoint\",\"urlTemplate\":\"https:\\\/\\\/quartiers1060.brussels\\\/?s={search_term_string}\"},\"query-input\":{\"@type\":\"PropertyValueSpecification\",\"valueRequired\":true,\"valueName\":\"search_term_string\"}}],\"inLanguage\":\"nl-NL\"},{\"@type\":\"Organization\",\"@id\":\"https:\\\/\\\/quartiers1060.brussels\\\/#organization\",\"name\":\"Saint-Gilles\",\"url\":\"https:\\\/\\\/quartiers1060.brussels\\\/\",\"logo\":{\"@type\":\"ImageObject\",\"inLanguage\":\"nl-NL\",\"@id\":\"https:\\\/\\\/quartiers1060.brussels\\\/#\\\/schema\\\/logo\\\/image\\\/\",\"url\":\"https:\\\/\\\/quartiers1060.brussels\\\/wp-content\\\/uploads\\\/2021\\\/06\\\/RevitUrbaine_Saint-Gilles.svg\",\"contentUrl\":\"https:\\\/\\\/quartiers1060.brussels\\\/wp-content\\\/uploads\\\/2021\\\/06\\\/RevitUrbaine_Saint-Gilles.svg\",\"width\":243.17,\"height\":68.96,\"caption\":\"Saint-Gilles\"},\"image\":{\"@id\":\"https:\\\/\\\/quartiers1060.brussels\\\/#\\\/schema\\\/logo\\\/image\\\/\"}},{\"@type\":\"Person\",\"@id\":\"https:\\\/\\\/quartiers1060.brussels\\\/#\\\/schema\\\/person\\\/eba0fa952ebfcfe8c6c6e64ab84cc35c\",\"name\":\"Amandine\"}]}<\/script>\n<!-- \/ Yoast SEO plugin. -->","yoast_head_json":{"title":"Le Contrat de r\u00e9novation urbaine Midi - Stedelijke herwaarding","robots":{"index":"index","follow":"follow","max-snippet":"max-snippet:-1","max-image-preview":"max-image-preview:large","max-video-preview":"max-video-preview:-1"},"canonical":"https:\/\/quartiers1060.brussels\/nl\/le-contrat-de-renovation-urbaine-midi\/","og_locale":"nl_NL","og_type":"article","og_title":"Le Contrat de r\u00e9novation urbaine Midi - Stedelijke herwaarding","og_description":"Le gouvernement bruxellois a d\u00e9cid\u00e9 de lancer un nouveau contrat de r\u00e9novation urbaine (CRU) dans les quartiers situ\u00e9s autour de la gare du Midi,\u00a0qui associe les communes\u00a0de Saint-Gilles, d\u2019Anderlecht et de la Ville de Bruxelles.","og_url":"https:\/\/quartiers1060.brussels\/nl\/le-contrat-de-renovation-urbaine-midi\/","og_site_name":"Stedelijke herwaarding","article_published_time":"2021-04-24T08:50:00+00:00","article_modified_time":"2021-09-27T07:27:56+00:00","og_image":[{"url":"http:\/\/quartiers1060.brussels\/wp-content\/uploads\/2021\/09\/CRU_Midi.jpg","type":"","width":"","height":""}],"author":"Amandine","twitter_card":"summary_large_image","twitter_misc":{"Geschreven door":"Amandine","Geschatte leestijd":"1 minuut"},"schema":{"@context":"https:\/\/schema.org","@graph":[{"@type":"Article","@id":"https:\/\/quartiers1060.brussels\/nl\/le-contrat-de-renovation-urbaine-midi\/#article","isPartOf":{"@id":"https:\/\/quartiers1060.brussels\/nl\/le-contrat-de-renovation-urbaine-midi\/"},"author":{"name":"Amandine","@id":"https:\/\/quartiers1060.brussels\/#\/schema\/person\/eba0fa952ebfcfe8c6c6e64ab84cc35c"},"headline":"Le Contrat de r\u00e9novation urbaine Midi","datePublished":"2021-04-24T08:50:00+00:00","dateModified":"2021-09-27T07:27:56+00:00","mainEntityOfPage":{"@id":"https:\/\/quartiers1060.brussels\/nl\/le-contrat-de-renovation-urbaine-midi\/"},"wordCount":116,"commentCount":0,"publisher":{"@id":"https:\/\/quartiers1060.brussels\/#organization"},"image":{"@id":"https:\/\/quartiers1060.brussels\/nl\/le-contrat-de-renovation-urbaine-midi\/#primaryimage"},"thumbnailUrl":"http:\/\/quartiers1060.brussels\/wp-content\/uploads\/2021\/09\/CRU_Midi.jpg","articleSection":["SVC - Nieuws","Wijkinfrastructuur"],"inLanguage":"nl-NL","potentialAction":[{"@type":"CommentAction","name":"Comment","target":["https:\/\/quartiers1060.brussels\/nl\/le-contrat-de-renovation-urbaine-midi\/#respond"]}]},{"@type":"WebPage","@id":"https:\/\/quartiers1060.brussels\/nl\/le-contrat-de-renovation-urbaine-midi\/","url":"https:\/\/quartiers1060.brussels\/nl\/le-contrat-de-renovation-urbaine-midi\/","name":"Le Contrat de r\u00e9novation urbaine Midi - Stedelijke herwaarding","isPartOf":{"@id":"https:\/\/quartiers1060.brussels\/#website"},"primaryImageOfPage":{"@id":"https:\/\/quartiers1060.brussels\/nl\/le-contrat-de-renovation-urbaine-midi\/#primaryimage"},"image":{"@id":"https:\/\/quartiers1060.brussels\/nl\/le-contrat-de-renovation-urbaine-midi\/#primaryimage"},"thumbnailUrl":"http:\/\/quartiers1060.brussels\/wp-content\/uploads\/2021\/09\/CRU_Midi.jpg","datePublished":"2021-04-24T08:50:00+00:00","dateModified":"2021-09-27T07:27:56+00:00","breadcrumb":{"@id":"https:\/\/quartiers1060.brussels\/nl\/le-contrat-de-renovation-urbaine-midi\/#breadcrumb"},"inLanguage":"nl-NL","potentialAction":[{"@type":"ReadAction","target":["https:\/\/quartiers1060.brussels\/nl\/le-contrat-de-renovation-urbaine-midi\/"]}]},{"@type":"ImageObject","inLanguage":"nl-NL","@id":"https:\/\/quartiers1060.brussels\/nl\/le-contrat-de-renovation-urbaine-midi\/#primaryimage","url":"http:\/\/quartiers1060.brussels\/wp-content\/uploads\/2021\/09\/CRU_Midi.jpg","contentUrl":"http:\/\/quartiers1060.brussels\/wp-content\/uploads\/2021\/09\/CRU_Midi.jpg"},{"@type":"BreadcrumbList","@id":"https:\/\/quartiers1060.brussels\/nl\/le-contrat-de-renovation-urbaine-midi\/#breadcrumb","itemListElement":[{"@type":"ListItem","position":1,"name":"Accueil","item":"https:\/\/quartiers1060.brussels\/"},{"@type":"ListItem","position":2,"name":"Le Contrat de r\u00e9novation urbaine Midi"}]},{"@type":"WebSite","@id":"https:\/\/quartiers1060.brussels\/#website","url":"https:\/\/quartiers1060.brussels\/","name":"Stedelijke herwaarding","description":"- Sint-Gillis","publisher":{"@id":"https:\/\/quartiers1060.brussels\/#organization"},"potentialAction":[{"@type":"SearchAction","target":{"@type":"EntryPoint","urlTemplate":"https:\/\/quartiers1060.brussels\/?s={search_term_string}"},"query-input":{"@type":"PropertyValueSpecification","valueRequired":true,"valueName":"search_term_string"}}],"inLanguage":"nl-NL"},{"@type":"Organization","@id":"https:\/\/quartiers1060.brussels\/#organization","name":"Saint-Gilles","url":"https:\/\/quartiers1060.brussels\/","logo":{"@type":"ImageObject","inLanguage":"nl-NL","@id":"https:\/\/quartiers1060.brussels\/#\/schema\/logo\/image\/","url":"https:\/\/quartiers1060.brussels\/wp-content\/uploads\/2021\/06\/RevitUrbaine_Saint-Gilles.svg","contentUrl":"https:\/\/quartiers1060.brussels\/wp-content\/uploads\/2021\/06\/RevitUrbaine_Saint-Gilles.svg","width":243.17,"height":68.96,"caption":"Saint-Gilles"},"image":{"@id":"https:\/\/quartiers1060.brussels\/#\/schema\/logo\/image\/"}},{"@type":"Person","@id":"https:\/\/quartiers1060.brussels\/#\/schema\/person\/eba0fa952ebfcfe8c6c6e64ab84cc35c","name":"Amandine"}]}},"_links":{"self":[{"href":"https:\/\/quartiers1060.brussels\/nl\/wp-json\/wp\/v2\/posts\/5061","targetHints":{"allow":["GET"]}}],"collection":[{"href":"https:\/\/quartiers1060.brussels\/nl\/wp-json\/wp\/v2\/posts"}],"about":[{"href":"https:\/\/quartiers1060.brussels\/nl\/wp-json\/wp\/v2\/types\/post"}],"author":[{"embeddable":true,"href":"https:\/\/quartiers1060.brussels\/nl\/wp-json\/wp\/v2\/users\/2"}],"replies":[{"embeddable":true,"href":"https:\/\/quartiers1060.brussels\/nl\/wp-json\/wp\/v2\/comments?post=5061"}],"version-history":[{"count":9,"href":"https:\/\/quartiers1060.brussels\/nl\/wp-json\/wp\/v2\/posts\/5061\/revisions"}],"predecessor-version":[{"id":5082,"href":"https:\/\/quartiers1060.brussels\/nl\/wp-json\/wp\/v2\/posts\/5061\/revisions\/5082"}],"wp:attachment":[{"href":"https:\/\/quartiers1060.brussels\/nl\/wp-json\/wp\/v2\/media?parent=5061"}],"wp:term":[{"taxonomy":"category","embeddable":true,"href":"https:\/\/quartiers1060.brussels\/nl\/wp-json\/wp\/v2\/categories?post=5061"},{"taxonomy":"post_tag","embeddable":true,"href":"https:\/\/quartiers1060.brussels\/nl\/wp-json\/wp\/v2\/tags?post=5061"}],"curies":[{"name":"wp","href":"https:\/\/api.w.org\/{rel}","templated":true}]}}