{"id":9819,"date":"2023-04-03T13:57:13","date_gmt":"2023-04-03T11:57:13","guid":{"rendered":"https:\/\/quartiers1060.brussels\/?p=9819"},"modified":"2023-04-03T14:31:53","modified_gmt":"2023-04-03T12:31:53","slug":"de-helene-de-rudderuin-is-open-2","status":"publish","type":"post","link":"https:\/\/quartiers1060.brussels\/nl\/de-helene-de-rudderuin-is-open-2\/","title":{"rendered":"De H\u00e9l\u00e8ne de Ruddertuin is open!"},"content":{"rendered":"\n<p>Op zaterdag 1 april werd de nieuwe <a href=\"https:\/\/quartiers1060.brussels\/nl\/chantier\/le-jardin-helene-de-rudder\/\" target=\"_blank\" rel=\"noreferrer noopener\">H\u00e9l\u00e8ne De Ruddertuin,<\/a> gelegen in de Romestraat 11, ingehuldigd met de bewoners van de wijk en lokale actoren. Het is de eerste openbare ruimte die wordt ingehuldigd in het kader van het <a href=\"https:\/\/quartiers1060.brussels\/nl\/dwc\/wat-is-een-duurzaam-wijkcontract\/voorplein-morichar\/\" target=\"_blank\" rel=\"noreferrer noopener\">Duurzaam wijkcontract Voorplein-Morichar.<\/a><\/p>\n\n\n\n<div style=\"height:20px\" aria-hidden=\"true\" class=\"wp-block-spacer\"><\/div>\n\n\n\n<p>Deze nieuwe openbare ruimte zal elk jaar van 15 maart tot 15 oktober toegankelijk zijn voor de bewoners:<\/p>\n\n\n\n<p><strong>Op donderdag en vrijdag van 14 tot 20 uur<br>Op zaterdag en zondag van 11 tot 20 uur<\/strong><\/p>\n\n\n\n<div style=\"height:20px\" aria-hidden=\"true\" class=\"wp-block-spacer\"><\/div>\n\n\n\n<p><strong>De tuin en de inhuldiging in foto\u2019s&#8230;<\/strong><\/p>\n\n\n\n<div style=\"height:20px\" aria-hidden=\"true\" class=\"wp-block-spacer\"><\/div>\n\n\n\n<figure class=\"wp-block-gallery has-nested-images columns-4 is-cropped wp-block-gallery-1 is-layout-flex wp-block-gallery-is-layout-flex\">\n<figure class=\"wp-block-image size-large is-style-default\"><a href=\"https:\/\/quartiers1060.brussels\/wp-content\/uploads\/2023\/04\/Inauguration-du-Jardin-Helene-De-Rudder-20.jpg\"><img fetchpriority=\"high\" decoding=\"async\" width=\"683\" height=\"1024\" data-id=\"9740\" src=\"https:\/\/quartiers1060.brussels\/wp-content\/uploads\/2023\/04\/Inauguration-du-Jardin-Helene-De-Rudder-20-683x1024.jpg\" alt=\"\" class=\"wp-image-9740\" srcset=\"https:\/\/quartiers1060.brussels\/wp-content\/uploads\/2023\/04\/Inauguration-du-Jardin-Helene-De-Rudder-20-683x1024.jpg 683w, https:\/\/quartiers1060.brussels\/wp-content\/uploads\/2023\/04\/Inauguration-du-Jardin-Helene-De-Rudder-20-200x300.jpg 200w, https:\/\/quartiers1060.brussels\/wp-content\/uploads\/2023\/04\/Inauguration-du-Jardin-Helene-De-Rudder-20-768x1152.jpg 768w, https:\/\/quartiers1060.brussels\/wp-content\/uploads\/2023\/04\/Inauguration-du-Jardin-Helene-De-Rudder-20-1024x1536.jpg 1024w, https:\/\/quartiers1060.brussels\/wp-content\/uploads\/2023\/04\/Inauguration-du-Jardin-Helene-De-Rudder-20-1320x1980.jpg 1320w, https:\/\/quartiers1060.brussels\/wp-content\/uploads\/2023\/04\/Inauguration-du-Jardin-Helene-De-Rudder-20.jpg 1365w\" sizes=\"(max-width: 683px) 100vw, 683px\" \/><\/a><figcaption class=\"wp-element-caption\">H\u00e9l\u00e8ne De Ruddertuin<\/figcaption><\/figure>\n\n\n\n<figure class=\"wp-block-image size-large is-style-default\"><a href=\"https:\/\/quartiers1060.brussels\/wp-content\/uploads\/2023\/04\/Inauguration-du-Jardin-Helene-De-Rudder-8.jpg\"><img decoding=\"async\" width=\"1024\" height=\"683\" data-id=\"9714\" src=\"https:\/\/quartiers1060.brussels\/wp-content\/uploads\/2023\/04\/Inauguration-du-Jardin-Helene-De-Rudder-8-1024x683.jpg\" alt=\"\" class=\"wp-image-9714\" srcset=\"https:\/\/quartiers1060.brussels\/wp-content\/uploads\/2023\/04\/Inauguration-du-Jardin-Helene-De-Rudder-8-1024x683.jpg 1024w, https:\/\/quartiers1060.brussels\/wp-content\/uploads\/2023\/04\/Inauguration-du-Jardin-Helene-De-Rudder-8-300x200.jpg 300w, https:\/\/quartiers1060.brussels\/wp-content\/uploads\/2023\/04\/Inauguration-du-Jardin-Helene-De-Rudder-8-768x512.jpg 768w, https:\/\/quartiers1060.brussels\/wp-content\/uploads\/2023\/04\/Inauguration-du-Jardin-Helene-De-Rudder-8-1536x1024.jpg 1536w, https:\/\/quartiers1060.brussels\/wp-content\/uploads\/2023\/04\/Inauguration-du-Jardin-Helene-De-Rudder-8-1568x1045.jpg 1568w, https:\/\/quartiers1060.brussels\/wp-content\/uploads\/2023\/04\/Inauguration-du-Jardin-Helene-De-Rudder-8-1320x880.jpg 1320w, https:\/\/quartiers1060.brussels\/wp-content\/uploads\/2023\/04\/Inauguration-du-Jardin-Helene-De-Rudder-8.jpg 2048w\" sizes=\"(max-width: 1024px) 100vw, 1024px\" \/><\/a><figcaption class=\"wp-element-caption\">H\u00e9l\u00e8ne De Ruddertuin<\/figcaption><\/figure>\n\n\n\n<figure class=\"wp-block-image size-large is-style-default\"><a href=\"https:\/\/quartiers1060.brussels\/wp-content\/uploads\/2023\/04\/Inauguration-du-Jardin-Helene-De-Rudder-2.jpg\"><img decoding=\"async\" width=\"1024\" height=\"683\" data-id=\"9708\" src=\"https:\/\/quartiers1060.brussels\/wp-content\/uploads\/2023\/04\/Inauguration-du-Jardin-Helene-De-Rudder-2-1024x683.jpg\" alt=\"\" class=\"wp-image-9708\" srcset=\"https:\/\/quartiers1060.brussels\/wp-content\/uploads\/2023\/04\/Inauguration-du-Jardin-Helene-De-Rudder-2-1024x683.jpg 1024w, https:\/\/quartiers1060.brussels\/wp-content\/uploads\/2023\/04\/Inauguration-du-Jardin-Helene-De-Rudder-2-300x200.jpg 300w, https:\/\/quartiers1060.brussels\/wp-content\/uploads\/2023\/04\/Inauguration-du-Jardin-Helene-De-Rudder-2-768x512.jpg 768w, https:\/\/quartiers1060.brussels\/wp-content\/uploads\/2023\/04\/Inauguration-du-Jardin-Helene-De-Rudder-2-1536x1024.jpg 1536w, https:\/\/quartiers1060.brussels\/wp-content\/uploads\/2023\/04\/Inauguration-du-Jardin-Helene-De-Rudder-2-1568x1045.jpg 1568w, https:\/\/quartiers1060.brussels\/wp-content\/uploads\/2023\/04\/Inauguration-du-Jardin-Helene-De-Rudder-2-1320x880.jpg 1320w, https:\/\/quartiers1060.brussels\/wp-content\/uploads\/2023\/04\/Inauguration-du-Jardin-Helene-De-Rudder-2.jpg 2048w\" sizes=\"(max-width: 1024px) 100vw, 1024px\" \/><\/a><figcaption class=\"wp-element-caption\">H\u00e9l\u00e8ne De Ruddertuin<\/figcaption><\/figure>\n\n\n\n<figure class=\"wp-block-image size-large is-style-default\"><a href=\"https:\/\/quartiers1060.brussels\/wp-content\/uploads\/2023\/04\/Inauguration-du-Jardin-Helene-De-Rudder-11.jpg\"><img loading=\"lazy\" decoding=\"async\" width=\"1024\" height=\"683\" data-id=\"9718\" src=\"https:\/\/quartiers1060.brussels\/wp-content\/uploads\/2023\/04\/Inauguration-du-Jardin-Helene-De-Rudder-11-1024x683.jpg\" alt=\"\" class=\"wp-image-9718\" srcset=\"https:\/\/quartiers1060.brussels\/wp-content\/uploads\/2023\/04\/Inauguration-du-Jardin-Helene-De-Rudder-11-1024x683.jpg 1024w, https:\/\/quartiers1060.brussels\/wp-content\/uploads\/2023\/04\/Inauguration-du-Jardin-Helene-De-Rudder-11-300x200.jpg 300w, https:\/\/quartiers1060.brussels\/wp-content\/uploads\/2023\/04\/Inauguration-du-Jardin-Helene-De-Rudder-11-768x512.jpg 768w, https:\/\/quartiers1060.brussels\/wp-content\/uploads\/2023\/04\/Inauguration-du-Jardin-Helene-De-Rudder-11-1536x1024.jpg 1536w, https:\/\/quartiers1060.brussels\/wp-content\/uploads\/2023\/04\/Inauguration-du-Jardin-Helene-De-Rudder-11-1568x1045.jpg 1568w, https:\/\/quartiers1060.brussels\/wp-content\/uploads\/2023\/04\/Inauguration-du-Jardin-Helene-De-Rudder-11-1320x880.jpg 1320w, https:\/\/quartiers1060.brussels\/wp-content\/uploads\/2023\/04\/Inauguration-du-Jardin-Helene-De-Rudder-11.jpg 2048w\" sizes=\"(max-width: 1024px) 100vw, 1024px\" \/><\/a><figcaption class=\"wp-element-caption\">H\u00e9l\u00e8ne De Ruddertuin<\/figcaption><\/figure>\n\n\n\n<figure class=\"wp-block-image size-large is-style-default\"><a href=\"https:\/\/quartiers1060.brussels\/wp-content\/uploads\/2023\/04\/Inauguration-du-Jardin-Helene-De-Rudder-10.jpg\"><img loading=\"lazy\" decoding=\"async\" width=\"1024\" height=\"683\" data-id=\"9720\" src=\"https:\/\/quartiers1060.brussels\/wp-content\/uploads\/2023\/04\/Inauguration-du-Jardin-Helene-De-Rudder-10-1024x683.jpg\" alt=\"\" class=\"wp-image-9720\" srcset=\"https:\/\/quartiers1060.brussels\/wp-content\/uploads\/2023\/04\/Inauguration-du-Jardin-Helene-De-Rudder-10-1024x683.jpg 1024w, https:\/\/quartiers1060.brussels\/wp-content\/uploads\/2023\/04\/Inauguration-du-Jardin-Helene-De-Rudder-10-300x200.jpg 300w, https:\/\/quartiers1060.brussels\/wp-content\/uploads\/2023\/04\/Inauguration-du-Jardin-Helene-De-Rudder-10-768x512.jpg 768w, https:\/\/quartiers1060.brussels\/wp-content\/uploads\/2023\/04\/Inauguration-du-Jardin-Helene-De-Rudder-10-1536x1024.jpg 1536w, https:\/\/quartiers1060.brussels\/wp-content\/uploads\/2023\/04\/Inauguration-du-Jardin-Helene-De-Rudder-10-1568x1045.jpg 1568w, https:\/\/quartiers1060.brussels\/wp-content\/uploads\/2023\/04\/Inauguration-du-Jardin-Helene-De-Rudder-10-1320x880.jpg 1320w, https:\/\/quartiers1060.brussels\/wp-content\/uploads\/2023\/04\/Inauguration-du-Jardin-Helene-De-Rudder-10.jpg 2048w\" sizes=\"(max-width: 1024px) 100vw, 1024px\" \/><\/a><figcaption class=\"wp-element-caption\">H\u00e9l\u00e8ne De Ruddertuin<\/figcaption><\/figure>\n\n\n\n<figure class=\"wp-block-image size-large is-style-default\"><a href=\"https:\/\/quartiers1060.brussels\/wp-content\/uploads\/2023\/04\/Inauguration-du-Jardin-Helene-De-Rudder-16.jpg\"><img loading=\"lazy\" decoding=\"async\" width=\"1024\" height=\"683\" data-id=\"9730\" src=\"https:\/\/quartiers1060.brussels\/wp-content\/uploads\/2023\/04\/Inauguration-du-Jardin-Helene-De-Rudder-16-1024x683.jpg\" alt=\"\" class=\"wp-image-9730\" srcset=\"https:\/\/quartiers1060.brussels\/wp-content\/uploads\/2023\/04\/Inauguration-du-Jardin-Helene-De-Rudder-16-1024x683.jpg 1024w, https:\/\/quartiers1060.brussels\/wp-content\/uploads\/2023\/04\/Inauguration-du-Jardin-Helene-De-Rudder-16-300x200.jpg 300w, https:\/\/quartiers1060.brussels\/wp-content\/uploads\/2023\/04\/Inauguration-du-Jardin-Helene-De-Rudder-16-768x512.jpg 768w, https:\/\/quartiers1060.brussels\/wp-content\/uploads\/2023\/04\/Inauguration-du-Jardin-Helene-De-Rudder-16-1536x1024.jpg 1536w, https:\/\/quartiers1060.brussels\/wp-content\/uploads\/2023\/04\/Inauguration-du-Jardin-Helene-De-Rudder-16-1568x1045.jpg 1568w, https:\/\/quartiers1060.brussels\/wp-content\/uploads\/2023\/04\/Inauguration-du-Jardin-Helene-De-Rudder-16-1320x880.jpg 1320w, https:\/\/quartiers1060.brussels\/wp-content\/uploads\/2023\/04\/Inauguration-du-Jardin-Helene-De-Rudder-16.jpg 2048w\" sizes=\"(max-width: 1024px) 100vw, 1024px\" \/><\/a><figcaption class=\"wp-element-caption\">H\u00e9l\u00e8ne De Ruddertuin<\/figcaption><\/figure>\n\n\n\n<figure class=\"wp-block-image size-large is-style-default\"><a href=\"https:\/\/quartiers1060.brussels\/wp-content\/uploads\/2023\/04\/Inauguration-du-Jardin-Helene-De-Rudder-18.jpg\"><img loading=\"lazy\" decoding=\"async\" width=\"1024\" height=\"683\" data-id=\"9734\" src=\"https:\/\/quartiers1060.brussels\/wp-content\/uploads\/2023\/04\/Inauguration-du-Jardin-Helene-De-Rudder-18-1024x683.jpg\" alt=\"\" class=\"wp-image-9734\" srcset=\"https:\/\/quartiers1060.brussels\/wp-content\/uploads\/2023\/04\/Inauguration-du-Jardin-Helene-De-Rudder-18-1024x683.jpg 1024w, https:\/\/quartiers1060.brussels\/wp-content\/uploads\/2023\/04\/Inauguration-du-Jardin-Helene-De-Rudder-18-300x200.jpg 300w, https:\/\/quartiers1060.brussels\/wp-content\/uploads\/2023\/04\/Inauguration-du-Jardin-Helene-De-Rudder-18-768x512.jpg 768w, https:\/\/quartiers1060.brussels\/wp-content\/uploads\/2023\/04\/Inauguration-du-Jardin-Helene-De-Rudder-18-1536x1024.jpg 1536w, https:\/\/quartiers1060.brussels\/wp-content\/uploads\/2023\/04\/Inauguration-du-Jardin-Helene-De-Rudder-18-1568x1045.jpg 1568w, https:\/\/quartiers1060.brussels\/wp-content\/uploads\/2023\/04\/Inauguration-du-Jardin-Helene-De-Rudder-18-1320x880.jpg 1320w, https:\/\/quartiers1060.brussels\/wp-content\/uploads\/2023\/04\/Inauguration-du-Jardin-Helene-De-Rudder-18.jpg 2048w\" sizes=\"(max-width: 1024px) 100vw, 1024px\" \/><\/a><figcaption class=\"wp-element-caption\">H\u00e9l\u00e8ne De Ruddertuin<\/figcaption><\/figure>\n\n\n\n<figure class=\"wp-block-image size-large is-style-default\"><a href=\"https:\/\/quartiers1060.brussels\/wp-content\/uploads\/2023\/04\/Inauguration-du-Jardin-Helene-De-Rudder-5.jpg\"><img loading=\"lazy\" decoding=\"async\" width=\"1024\" height=\"683\" data-id=\"9705\" src=\"https:\/\/quartiers1060.brussels\/wp-content\/uploads\/2023\/04\/Inauguration-du-Jardin-Helene-De-Rudder-5-1024x683.jpg\" alt=\"\" class=\"wp-image-9705\" srcset=\"https:\/\/quartiers1060.brussels\/wp-content\/uploads\/2023\/04\/Inauguration-du-Jardin-Helene-De-Rudder-5-1024x683.jpg 1024w, https:\/\/quartiers1060.brussels\/wp-content\/uploads\/2023\/04\/Inauguration-du-Jardin-Helene-De-Rudder-5-300x200.jpg 300w, https:\/\/quartiers1060.brussels\/wp-content\/uploads\/2023\/04\/Inauguration-du-Jardin-Helene-De-Rudder-5-768x512.jpg 768w, https:\/\/quartiers1060.brussels\/wp-content\/uploads\/2023\/04\/Inauguration-du-Jardin-Helene-De-Rudder-5-1536x1024.jpg 1536w, https:\/\/quartiers1060.brussels\/wp-content\/uploads\/2023\/04\/Inauguration-du-Jardin-Helene-De-Rudder-5-1568x1045.jpg 1568w, https:\/\/quartiers1060.brussels\/wp-content\/uploads\/2023\/04\/Inauguration-du-Jardin-Helene-De-Rudder-5-1320x880.jpg 1320w, https:\/\/quartiers1060.brussels\/wp-content\/uploads\/2023\/04\/Inauguration-du-Jardin-Helene-De-Rudder-5.jpg 2048w\" sizes=\"(max-width: 1024px) 100vw, 1024px\" \/><\/a><figcaption class=\"wp-element-caption\">H\u00e9l\u00e8ne De Ruddertuin<\/figcaption><\/figure>\n\n\n\n<figure class=\"wp-block-image size-large is-style-default\"><a href=\"https:\/\/quartiers1060.brussels\/wp-content\/uploads\/2023\/04\/Inauguration-du-Jardin-Helene-De-Rudder-6.jpg\"><img loading=\"lazy\" decoding=\"async\" width=\"1024\" height=\"683\" data-id=\"9712\" src=\"https:\/\/quartiers1060.brussels\/wp-content\/uploads\/2023\/04\/Inauguration-du-Jardin-Helene-De-Rudder-6-1024x683.jpg\" alt=\"\" class=\"wp-image-9712\" srcset=\"https:\/\/quartiers1060.brussels\/wp-content\/uploads\/2023\/04\/Inauguration-du-Jardin-Helene-De-Rudder-6-1024x683.jpg 1024w, https:\/\/quartiers1060.brussels\/wp-content\/uploads\/2023\/04\/Inauguration-du-Jardin-Helene-De-Rudder-6-300x200.jpg 300w, https:\/\/quartiers1060.brussels\/wp-content\/uploads\/2023\/04\/Inauguration-du-Jardin-Helene-De-Rudder-6-768x512.jpg 768w, https:\/\/quartiers1060.brussels\/wp-content\/uploads\/2023\/04\/Inauguration-du-Jardin-Helene-De-Rudder-6-1536x1024.jpg 1536w, https:\/\/quartiers1060.brussels\/wp-content\/uploads\/2023\/04\/Inauguration-du-Jardin-Helene-De-Rudder-6-1568x1045.jpg 1568w, https:\/\/quartiers1060.brussels\/wp-content\/uploads\/2023\/04\/Inauguration-du-Jardin-Helene-De-Rudder-6-1320x880.jpg 1320w, https:\/\/quartiers1060.brussels\/wp-content\/uploads\/2023\/04\/Inauguration-du-Jardin-Helene-De-Rudder-6.jpg 2048w\" sizes=\"(max-width: 1024px) 100vw, 1024px\" \/><\/a><figcaption class=\"wp-element-caption\">H\u00e9l\u00e8ne De Ruddertuin<\/figcaption><\/figure>\n\n\n\n<figure class=\"wp-block-image size-large is-style-default\"><a href=\"https:\/\/quartiers1060.brussels\/wp-content\/uploads\/2023\/04\/Inauguration-du-Jardin-Helene-De-Rudder-4.jpg\"><img loading=\"lazy\" decoding=\"async\" width=\"1024\" height=\"683\" data-id=\"9710\" src=\"https:\/\/quartiers1060.brussels\/wp-content\/uploads\/2023\/04\/Inauguration-du-Jardin-Helene-De-Rudder-4-1024x683.jpg\" alt=\"\" class=\"wp-image-9710\" srcset=\"https:\/\/quartiers1060.brussels\/wp-content\/uploads\/2023\/04\/Inauguration-du-Jardin-Helene-De-Rudder-4-1024x683.jpg 1024w, https:\/\/quartiers1060.brussels\/wp-content\/uploads\/2023\/04\/Inauguration-du-Jardin-Helene-De-Rudder-4-300x200.jpg 300w, https:\/\/quartiers1060.brussels\/wp-content\/uploads\/2023\/04\/Inauguration-du-Jardin-Helene-De-Rudder-4-768x512.jpg 768w, https:\/\/quartiers1060.brussels\/wp-content\/uploads\/2023\/04\/Inauguration-du-Jardin-Helene-De-Rudder-4-1536x1024.jpg 1536w, https:\/\/quartiers1060.brussels\/wp-content\/uploads\/2023\/04\/Inauguration-du-Jardin-Helene-De-Rudder-4-1568x1045.jpg 1568w, https:\/\/quartiers1060.brussels\/wp-content\/uploads\/2023\/04\/Inauguration-du-Jardin-Helene-De-Rudder-4-1320x880.jpg 1320w, https:\/\/quartiers1060.brussels\/wp-content\/uploads\/2023\/04\/Inauguration-du-Jardin-Helene-De-Rudder-4.jpg 2048w\" sizes=\"(max-width: 1024px) 100vw, 1024px\" \/><\/a><figcaption class=\"wp-element-caption\">H\u00e9l\u00e8ne De Ruddertuin<\/figcaption><\/figure>\n\n\n\n<figure class=\"wp-block-image size-large is-style-default\"><a href=\"https:\/\/quartiers1060.brussels\/wp-content\/uploads\/2023\/04\/Inauguration-du-Jardin-Helene-De-Rudder-21.jpg\"><img loading=\"lazy\" decoding=\"async\" width=\"1024\" height=\"683\" data-id=\"9738\" src=\"https:\/\/quartiers1060.brussels\/wp-content\/uploads\/2023\/04\/Inauguration-du-Jardin-Helene-De-Rudder-21-1024x683.jpg\" alt=\"\" class=\"wp-image-9738\" srcset=\"https:\/\/quartiers1060.brussels\/wp-content\/uploads\/2023\/04\/Inauguration-du-Jardin-Helene-De-Rudder-21-1024x683.jpg 1024w, https:\/\/quartiers1060.brussels\/wp-content\/uploads\/2023\/04\/Inauguration-du-Jardin-Helene-De-Rudder-21-300x200.jpg 300w, https:\/\/quartiers1060.brussels\/wp-content\/uploads\/2023\/04\/Inauguration-du-Jardin-Helene-De-Rudder-21-768x512.jpg 768w, https:\/\/quartiers1060.brussels\/wp-content\/uploads\/2023\/04\/Inauguration-du-Jardin-Helene-De-Rudder-21-1536x1024.jpg 1536w, https:\/\/quartiers1060.brussels\/wp-content\/uploads\/2023\/04\/Inauguration-du-Jardin-Helene-De-Rudder-21-1568x1045.jpg 1568w, https:\/\/quartiers1060.brussels\/wp-content\/uploads\/2023\/04\/Inauguration-du-Jardin-Helene-De-Rudder-21-1320x880.jpg 1320w, https:\/\/quartiers1060.brussels\/wp-content\/uploads\/2023\/04\/Inauguration-du-Jardin-Helene-De-Rudder-21.jpg 2048w\" sizes=\"(max-width: 1024px) 100vw, 1024px\" \/><\/a><figcaption class=\"wp-element-caption\">H\u00e9l\u00e8ne De Ruddertuin<\/figcaption><\/figure>\n\n\n\n<figure class=\"wp-block-image size-large is-style-default\"><a href=\"https:\/\/quartiers1060.brussels\/wp-content\/uploads\/2023\/04\/Inauguration-du-Jardin-Helene-De-Rudder-9.jpg\"><img loading=\"lazy\" decoding=\"async\" width=\"1024\" height=\"683\" data-id=\"9716\" src=\"https:\/\/quartiers1060.brussels\/wp-content\/uploads\/2023\/04\/Inauguration-du-Jardin-Helene-De-Rudder-9-1024x683.jpg\" alt=\"\" class=\"wp-image-9716\" srcset=\"https:\/\/quartiers1060.brussels\/wp-content\/uploads\/2023\/04\/Inauguration-du-Jardin-Helene-De-Rudder-9-1024x683.jpg 1024w, https:\/\/quartiers1060.brussels\/wp-content\/uploads\/2023\/04\/Inauguration-du-Jardin-Helene-De-Rudder-9-300x200.jpg 300w, https:\/\/quartiers1060.brussels\/wp-content\/uploads\/2023\/04\/Inauguration-du-Jardin-Helene-De-Rudder-9-768x512.jpg 768w, https:\/\/quartiers1060.brussels\/wp-content\/uploads\/2023\/04\/Inauguration-du-Jardin-Helene-De-Rudder-9-1536x1024.jpg 1536w, https:\/\/quartiers1060.brussels\/wp-content\/uploads\/2023\/04\/Inauguration-du-Jardin-Helene-De-Rudder-9-1568x1045.jpg 1568w, https:\/\/quartiers1060.brussels\/wp-content\/uploads\/2023\/04\/Inauguration-du-Jardin-Helene-De-Rudder-9-1320x880.jpg 1320w, https:\/\/quartiers1060.brussels\/wp-content\/uploads\/2023\/04\/Inauguration-du-Jardin-Helene-De-Rudder-9.jpg 2048w\" sizes=\"(max-width: 1024px) 100vw, 1024px\" \/><\/a><figcaption class=\"wp-element-caption\">H\u00e9l\u00e8ne De Ruddertuin<\/figcaption><\/figure>\n\n\n\n<figure class=\"wp-block-image size-large is-style-default\"><a href=\"https:\/\/quartiers1060.brussels\/wp-content\/uploads\/2023\/04\/Inauguration-du-Jardin-Helene-De-Rudder-14.jpg\"><img loading=\"lazy\" decoding=\"async\" width=\"1024\" height=\"683\" data-id=\"9728\" src=\"https:\/\/quartiers1060.brussels\/wp-content\/uploads\/2023\/04\/Inauguration-du-Jardin-Helene-De-Rudder-14-1024x683.jpg\" alt=\"\" class=\"wp-image-9728\" srcset=\"https:\/\/quartiers1060.brussels\/wp-content\/uploads\/2023\/04\/Inauguration-du-Jardin-Helene-De-Rudder-14-1024x683.jpg 1024w, https:\/\/quartiers1060.brussels\/wp-content\/uploads\/2023\/04\/Inauguration-du-Jardin-Helene-De-Rudder-14-300x200.jpg 300w, https:\/\/quartiers1060.brussels\/wp-content\/uploads\/2023\/04\/Inauguration-du-Jardin-Helene-De-Rudder-14-768x512.jpg 768w, https:\/\/quartiers1060.brussels\/wp-content\/uploads\/2023\/04\/Inauguration-du-Jardin-Helene-De-Rudder-14-1536x1024.jpg 1536w, https:\/\/quartiers1060.brussels\/wp-content\/uploads\/2023\/04\/Inauguration-du-Jardin-Helene-De-Rudder-14-1568x1045.jpg 1568w, https:\/\/quartiers1060.brussels\/wp-content\/uploads\/2023\/04\/Inauguration-du-Jardin-Helene-De-Rudder-14-1320x880.jpg 1320w, https:\/\/quartiers1060.brussels\/wp-content\/uploads\/2023\/04\/Inauguration-du-Jardin-Helene-De-Rudder-14.jpg 2048w\" sizes=\"(max-width: 1024px) 100vw, 1024px\" \/><\/a><figcaption class=\"wp-element-caption\"> 01\/04\/23<\/figcaption><\/figure>\n\n\n\n<figure class=\"wp-block-image size-large is-style-default\"><a href=\"https:\/\/quartiers1060.brussels\/wp-content\/uploads\/2023\/04\/Inauguration-du-Jardin-Helene-De-Rudder-15.jpg\"><img loading=\"lazy\" decoding=\"async\" width=\"1024\" height=\"683\" data-id=\"9726\" src=\"https:\/\/quartiers1060.brussels\/wp-content\/uploads\/2023\/04\/Inauguration-du-Jardin-Helene-De-Rudder-15-1024x683.jpg\" alt=\"\" class=\"wp-image-9726\" srcset=\"https:\/\/quartiers1060.brussels\/wp-content\/uploads\/2023\/04\/Inauguration-du-Jardin-Helene-De-Rudder-15-1024x683.jpg 1024w, https:\/\/quartiers1060.brussels\/wp-content\/uploads\/2023\/04\/Inauguration-du-Jardin-Helene-De-Rudder-15-300x200.jpg 300w, https:\/\/quartiers1060.brussels\/wp-content\/uploads\/2023\/04\/Inauguration-du-Jardin-Helene-De-Rudder-15-768x512.jpg 768w, https:\/\/quartiers1060.brussels\/wp-content\/uploads\/2023\/04\/Inauguration-du-Jardin-Helene-De-Rudder-15-1536x1024.jpg 1536w, https:\/\/quartiers1060.brussels\/wp-content\/uploads\/2023\/04\/Inauguration-du-Jardin-Helene-De-Rudder-15-1568x1045.jpg 1568w, https:\/\/quartiers1060.brussels\/wp-content\/uploads\/2023\/04\/Inauguration-du-Jardin-Helene-De-Rudder-15-1320x880.jpg 1320w, https:\/\/quartiers1060.brussels\/wp-content\/uploads\/2023\/04\/Inauguration-du-Jardin-Helene-De-Rudder-15.jpg 2048w\" sizes=\"(max-width: 1024px) 100vw, 1024px\" \/><\/a><figcaption class=\"wp-element-caption\">01\/04\/23<\/figcaption><\/figure>\n\n\n\n<figure class=\"wp-block-image size-large is-style-default\"><a href=\"https:\/\/quartiers1060.brussels\/wp-content\/uploads\/2023\/04\/Inauguration-du-Jardin-Helene-De-Rudder-22.jpg\"><img loading=\"lazy\" decoding=\"async\" width=\"1024\" height=\"683\" data-id=\"9744\" src=\"https:\/\/quartiers1060.brussels\/wp-content\/uploads\/2023\/04\/Inauguration-du-Jardin-Helene-De-Rudder-22-1024x683.jpg\" alt=\"\" class=\"wp-image-9744\" srcset=\"https:\/\/quartiers1060.brussels\/wp-content\/uploads\/2023\/04\/Inauguration-du-Jardin-Helene-De-Rudder-22-1024x683.jpg 1024w, https:\/\/quartiers1060.brussels\/wp-content\/uploads\/2023\/04\/Inauguration-du-Jardin-Helene-De-Rudder-22-300x200.jpg 300w, https:\/\/quartiers1060.brussels\/wp-content\/uploads\/2023\/04\/Inauguration-du-Jardin-Helene-De-Rudder-22-768x512.jpg 768w, https:\/\/quartiers1060.brussels\/wp-content\/uploads\/2023\/04\/Inauguration-du-Jardin-Helene-De-Rudder-22-1536x1024.jpg 1536w, https:\/\/quartiers1060.brussels\/wp-content\/uploads\/2023\/04\/Inauguration-du-Jardin-Helene-De-Rudder-22-1568x1045.jpg 1568w, https:\/\/quartiers1060.brussels\/wp-content\/uploads\/2023\/04\/Inauguration-du-Jardin-Helene-De-Rudder-22-1320x880.jpg 1320w, https:\/\/quartiers1060.brussels\/wp-content\/uploads\/2023\/04\/Inauguration-du-Jardin-Helene-De-Rudder-22.jpg 2048w\" sizes=\"(max-width: 1024px) 100vw, 1024px\" \/><\/a><figcaption class=\"wp-element-caption\">01\/04\/23<\/figcaption><\/figure>\n\n\n\n<figure class=\"wp-block-image size-large is-style-default\"><a href=\"https:\/\/quartiers1060.brussels\/wp-content\/uploads\/2023\/04\/Inauguration-du-Jardin-Helene-De-Rudder-17.jpg\"><img loading=\"lazy\" decoding=\"async\" width=\"1024\" height=\"683\" data-id=\"9732\" src=\"https:\/\/quartiers1060.brussels\/wp-content\/uploads\/2023\/04\/Inauguration-du-Jardin-Helene-De-Rudder-17-1024x683.jpg\" alt=\"\" class=\"wp-image-9732\" srcset=\"https:\/\/quartiers1060.brussels\/wp-content\/uploads\/2023\/04\/Inauguration-du-Jardin-Helene-De-Rudder-17-1024x683.jpg 1024w, https:\/\/quartiers1060.brussels\/wp-content\/uploads\/2023\/04\/Inauguration-du-Jardin-Helene-De-Rudder-17-300x200.jpg 300w, https:\/\/quartiers1060.brussels\/wp-content\/uploads\/2023\/04\/Inauguration-du-Jardin-Helene-De-Rudder-17-768x512.jpg 768w, https:\/\/quartiers1060.brussels\/wp-content\/uploads\/2023\/04\/Inauguration-du-Jardin-Helene-De-Rudder-17-1536x1024.jpg 1536w, https:\/\/quartiers1060.brussels\/wp-content\/uploads\/2023\/04\/Inauguration-du-Jardin-Helene-De-Rudder-17-1568x1045.jpg 1568w, https:\/\/quartiers1060.brussels\/wp-content\/uploads\/2023\/04\/Inauguration-du-Jardin-Helene-De-Rudder-17-1320x880.jpg 1320w, https:\/\/quartiers1060.brussels\/wp-content\/uploads\/2023\/04\/Inauguration-du-Jardin-Helene-De-Rudder-17.jpg 2048w\" sizes=\"(max-width: 1024px) 100vw, 1024px\" \/><\/a><figcaption class=\"wp-element-caption\">01\/04\/23<\/figcaption><\/figure>\n\n\n\n<figure class=\"wp-block-image size-large is-style-default\"><a href=\"https:\/\/quartiers1060.brussels\/wp-content\/uploads\/2023\/04\/Inauguration-du-Jardin-Helene-De-Rudder-12.jpg\"><img loading=\"lazy\" decoding=\"async\" width=\"1024\" height=\"683\" data-id=\"9722\" src=\"https:\/\/quartiers1060.brussels\/wp-content\/uploads\/2023\/04\/Inauguration-du-Jardin-Helene-De-Rudder-12-1024x683.jpg\" alt=\"\" class=\"wp-image-9722\" srcset=\"https:\/\/quartiers1060.brussels\/wp-content\/uploads\/2023\/04\/Inauguration-du-Jardin-Helene-De-Rudder-12-1024x683.jpg 1024w, https:\/\/quartiers1060.brussels\/wp-content\/uploads\/2023\/04\/Inauguration-du-Jardin-Helene-De-Rudder-12-300x200.jpg 300w, https:\/\/quartiers1060.brussels\/wp-content\/uploads\/2023\/04\/Inauguration-du-Jardin-Helene-De-Rudder-12-768x512.jpg 768w, https:\/\/quartiers1060.brussels\/wp-content\/uploads\/2023\/04\/Inauguration-du-Jardin-Helene-De-Rudder-12-1536x1024.jpg 1536w, https:\/\/quartiers1060.brussels\/wp-content\/uploads\/2023\/04\/Inauguration-du-Jardin-Helene-De-Rudder-12-1568x1045.jpg 1568w, https:\/\/quartiers1060.brussels\/wp-content\/uploads\/2023\/04\/Inauguration-du-Jardin-Helene-De-Rudder-12-1320x880.jpg 1320w, https:\/\/quartiers1060.brussels\/wp-content\/uploads\/2023\/04\/Inauguration-du-Jardin-Helene-De-Rudder-12.jpg 2048w\" sizes=\"(max-width: 1024px) 100vw, 1024px\" \/><\/a><figcaption class=\"wp-element-caption\">01\/04\/23<\/figcaption><\/figure>\n\n\n\n<figure class=\"wp-block-image size-large is-style-default\"><a href=\"https:\/\/quartiers1060.brussels\/wp-content\/uploads\/2023\/04\/Inauguration-du-Jardin-Helene-De-Rudder-13.jpg\"><img loading=\"lazy\" decoding=\"async\" width=\"1024\" height=\"683\" data-id=\"9724\" src=\"https:\/\/quartiers1060.brussels\/wp-content\/uploads\/2023\/04\/Inauguration-du-Jardin-Helene-De-Rudder-13-1024x683.jpg\" alt=\"\" class=\"wp-image-9724\" srcset=\"https:\/\/quartiers1060.brussels\/wp-content\/uploads\/2023\/04\/Inauguration-du-Jardin-Helene-De-Rudder-13-1024x683.jpg 1024w, https:\/\/quartiers1060.brussels\/wp-content\/uploads\/2023\/04\/Inauguration-du-Jardin-Helene-De-Rudder-13-300x200.jpg 300w, https:\/\/quartiers1060.brussels\/wp-content\/uploads\/2023\/04\/Inauguration-du-Jardin-Helene-De-Rudder-13-768x512.jpg 768w, https:\/\/quartiers1060.brussels\/wp-content\/uploads\/2023\/04\/Inauguration-du-Jardin-Helene-De-Rudder-13-1536x1024.jpg 1536w, https:\/\/quartiers1060.brussels\/wp-content\/uploads\/2023\/04\/Inauguration-du-Jardin-Helene-De-Rudder-13-1568x1045.jpg 1568w, https:\/\/quartiers1060.brussels\/wp-content\/uploads\/2023\/04\/Inauguration-du-Jardin-Helene-De-Rudder-13-1320x880.jpg 1320w, https:\/\/quartiers1060.brussels\/wp-content\/uploads\/2023\/04\/Inauguration-du-Jardin-Helene-De-Rudder-13.jpg 2048w\" sizes=\"(max-width: 1024px) 100vw, 1024px\" \/><\/a><figcaption class=\"wp-element-caption\">01\/04\/23<\/figcaption><\/figure>\n\n\n\n<figure class=\"wp-block-image size-large is-style-default\"><a href=\"https:\/\/quartiers1060.brussels\/wp-content\/uploads\/2023\/04\/Inauguration-du-Jardin-Helene-De-Rudder-3.jpg\"><img loading=\"lazy\" decoding=\"async\" width=\"1024\" height=\"683\" data-id=\"9702\" src=\"https:\/\/quartiers1060.brussels\/wp-content\/uploads\/2023\/04\/Inauguration-du-Jardin-Helene-De-Rudder-3-1024x683.jpg\" alt=\"\" class=\"wp-image-9702\" srcset=\"https:\/\/quartiers1060.brussels\/wp-content\/uploads\/2023\/04\/Inauguration-du-Jardin-Helene-De-Rudder-3-1024x683.jpg 1024w, https:\/\/quartiers1060.brussels\/wp-content\/uploads\/2023\/04\/Inauguration-du-Jardin-Helene-De-Rudder-3-300x200.jpg 300w, https:\/\/quartiers1060.brussels\/wp-content\/uploads\/2023\/04\/Inauguration-du-Jardin-Helene-De-Rudder-3-768x512.jpg 768w, https:\/\/quartiers1060.brussels\/wp-content\/uploads\/2023\/04\/Inauguration-du-Jardin-Helene-De-Rudder-3-1536x1024.jpg 1536w, https:\/\/quartiers1060.brussels\/wp-content\/uploads\/2023\/04\/Inauguration-du-Jardin-Helene-De-Rudder-3-1568x1045.jpg 1568w, https:\/\/quartiers1060.brussels\/wp-content\/uploads\/2023\/04\/Inauguration-du-Jardin-Helene-De-Rudder-3-1320x880.jpg 1320w, https:\/\/quartiers1060.brussels\/wp-content\/uploads\/2023\/04\/Inauguration-du-Jardin-Helene-De-Rudder-3.jpg 2048w\" sizes=\"(max-width: 1024px) 100vw, 1024px\" \/><\/a><figcaption class=\"wp-element-caption\">01\/04\/23<\/figcaption><\/figure>\n\n\n\n<figure class=\"wp-block-image size-large is-style-default\"><a href=\"https:\/\/quartiers1060.brussels\/wp-content\/uploads\/2023\/04\/Inauguration-du-Jardin-Helene-De-Rudder.jpg\"><img loading=\"lazy\" decoding=\"async\" width=\"1024\" height=\"683\" data-id=\"9742\" src=\"https:\/\/quartiers1060.brussels\/wp-content\/uploads\/2023\/04\/Inauguration-du-Jardin-Helene-De-Rudder-1024x683.jpg\" alt=\"\" class=\"wp-image-9742\" srcset=\"https:\/\/quartiers1060.brussels\/wp-content\/uploads\/2023\/04\/Inauguration-du-Jardin-Helene-De-Rudder-1024x683.jpg 1024w, https:\/\/quartiers1060.brussels\/wp-content\/uploads\/2023\/04\/Inauguration-du-Jardin-Helene-De-Rudder-300x200.jpg 300w, https:\/\/quartiers1060.brussels\/wp-content\/uploads\/2023\/04\/Inauguration-du-Jardin-Helene-De-Rudder-768x512.jpg 768w, https:\/\/quartiers1060.brussels\/wp-content\/uploads\/2023\/04\/Inauguration-du-Jardin-Helene-De-Rudder-1536x1024.jpg 1536w, https:\/\/quartiers1060.brussels\/wp-content\/uploads\/2023\/04\/Inauguration-du-Jardin-Helene-De-Rudder-1568x1045.jpg 1568w, https:\/\/quartiers1060.brussels\/wp-content\/uploads\/2023\/04\/Inauguration-du-Jardin-Helene-De-Rudder-1320x880.jpg 1320w, https:\/\/quartiers1060.brussels\/wp-content\/uploads\/2023\/04\/Inauguration-du-Jardin-Helene-De-Rudder.jpg 2048w\" sizes=\"(max-width: 1024px) 100vw, 1024px\" \/><\/a><figcaption class=\"wp-element-caption\">01\/04\/23<\/figcaption><\/figure>\n<\/figure>\n\n\n\n<div style=\"height:20px\" aria-hidden=\"true\" class=\"wp-block-spacer\"><\/div>\n\n\n\n<p><strong>Meer info<\/strong><br>Openbare ruimte<br><a href=\"mailto:espacepublic@stgilles.brussels\" target=\"_blank\" rel=\"noreferrer noopener\">espacepublic@stgilles.brussels<\/a><\/p>\n","protected":false},"excerpt":{"rendered":"<p>Op zaterdag 1e april werd de nieuwe  H\u00e9l\u00e8ne De Ruddertuin ingehuldigd. Een terugblik in foto&#8217;s.<\/p>\n","protected":false},"author":2,"featured_media":9708,"comment_status":"closed","ping_status":"closed","sticky":false,"template":"","format":"standard","meta":{"_acf_changed":false,"om_disable_all_campaigns":false,"footnotes":""},"categories":[54,64,62],"tags":[],"class_list":["post-9819","post","type-post","status-publish","format-standard","has-post-thumbnail","hentry","category-cqd-actualiteiten","category-openbare-ruimte","category-participatie","entry"],"acf":[],"yoast_head":"<!-- This site is optimized with the Yoast SEO plugin v27.5 - https:\/\/yoast.com\/product\/yoast-seo-wordpress\/ -->\n<title>De H\u00e9l\u00e8ne de Ruddertuin is open! - Stedelijke herwaarding<\/title>\n<meta name=\"robots\" content=\"index, follow, max-snippet:-1, max-image-preview:large, max-video-preview:-1\" \/>\n<link rel=\"canonical\" href=\"https:\/\/quartiers1060.brussels\/nl\/de-helene-de-rudderuin-is-open-2\/\" \/>\n<meta property=\"og:locale\" content=\"nl_NL\" \/>\n<meta property=\"og:type\" content=\"article\" \/>\n<meta property=\"og:title\" content=\"De H\u00e9l\u00e8ne de Ruddertuin is open! - Stedelijke herwaarding\" \/>\n<meta property=\"og:description\" content=\"Op zaterdag 1e april werd de nieuwe H\u00e9l\u00e8ne De Ruddertuin ingehuldigd. Een terugblik in foto&#039;s.\" \/>\n<meta property=\"og:url\" content=\"https:\/\/quartiers1060.brussels\/nl\/de-helene-de-rudderuin-is-open-2\/\" \/>\n<meta property=\"og:site_name\" content=\"Stedelijke herwaarding\" \/>\n<meta property=\"article:published_time\" content=\"2023-04-03T11:57:13+00:00\" \/>\n<meta property=\"article:modified_time\" content=\"2023-04-03T12:31:53+00:00\" \/>\n<meta property=\"og:image\" content=\"http:\/\/quartiers1060.brussels\/wp-content\/uploads\/2023\/04\/Inauguration-du-Jardin-Helene-De-Rudder-2.jpg\" \/>\n\t<meta property=\"og:image:width\" content=\"2048\" \/>\n\t<meta property=\"og:image:height\" content=\"1365\" \/>\n\t<meta property=\"og:image:type\" content=\"image\/jpeg\" \/>\n<meta name=\"author\" content=\"Amandine\" \/>\n<meta name=\"twitter:card\" content=\"summary_large_image\" \/>\n<meta name=\"twitter:label1\" content=\"Geschreven door\" \/>\n\t<meta name=\"twitter:data1\" content=\"Amandine\" \/>\n\t<meta name=\"twitter:label2\" content=\"Geschatte leestijd\" \/>\n\t<meta name=\"twitter:data2\" content=\"5 minuten\" \/>\n<script type=\"application\/ld+json\" class=\"yoast-schema-graph\">{\"@context\":\"https:\\\/\\\/schema.org\",\"@graph\":[{\"@type\":\"Article\",\"@id\":\"https:\\\/\\\/quartiers1060.brussels\\\/nl\\\/de-helene-de-rudderuin-is-open-2\\\/#article\",\"isPartOf\":{\"@id\":\"https:\\\/\\\/quartiers1060.brussels\\\/nl\\\/de-helene-de-rudderuin-is-open-2\\\/\"},\"author\":{\"name\":\"Amandine\",\"@id\":\"https:\\\/\\\/quartiers1060.brussels\\\/#\\\/schema\\\/person\\\/eba0fa952ebfcfe8c6c6e64ab84cc35c\"},\"headline\":\"De H\u00e9l\u00e8ne de Ruddertuin is open!\",\"datePublished\":\"2023-04-03T11:57:13+00:00\",\"dateModified\":\"2023-04-03T12:31:53+00:00\",\"mainEntityOfPage\":{\"@id\":\"https:\\\/\\\/quartiers1060.brussels\\\/nl\\\/de-helene-de-rudderuin-is-open-2\\\/\"},\"wordCount\":154,\"publisher\":{\"@id\":\"https:\\\/\\\/quartiers1060.brussels\\\/#organization\"},\"image\":{\"@id\":\"https:\\\/\\\/quartiers1060.brussels\\\/nl\\\/de-helene-de-rudderuin-is-open-2\\\/#primaryimage\"},\"thumbnailUrl\":\"https:\\\/\\\/quartiers1060.brussels\\\/wp-content\\\/uploads\\\/2023\\\/04\\\/Inauguration-du-Jardin-Helene-De-Rudder-2.jpg\",\"articleSection\":[\"DWC - Nieuws\",\"Openbare ruimte\",\"Participatie\"],\"inLanguage\":\"nl-NL\"},{\"@type\":\"WebPage\",\"@id\":\"https:\\\/\\\/quartiers1060.brussels\\\/nl\\\/de-helene-de-rudderuin-is-open-2\\\/\",\"url\":\"https:\\\/\\\/quartiers1060.brussels\\\/nl\\\/de-helene-de-rudderuin-is-open-2\\\/\",\"name\":\"De H\u00e9l\u00e8ne de Ruddertuin is open! - Stedelijke herwaarding\",\"isPartOf\":{\"@id\":\"https:\\\/\\\/quartiers1060.brussels\\\/#website\"},\"primaryImageOfPage\":{\"@id\":\"https:\\\/\\\/quartiers1060.brussels\\\/nl\\\/de-helene-de-rudderuin-is-open-2\\\/#primaryimage\"},\"image\":{\"@id\":\"https:\\\/\\\/quartiers1060.brussels\\\/nl\\\/de-helene-de-rudderuin-is-open-2\\\/#primaryimage\"},\"thumbnailUrl\":\"https:\\\/\\\/quartiers1060.brussels\\\/wp-content\\\/uploads\\\/2023\\\/04\\\/Inauguration-du-Jardin-Helene-De-Rudder-2.jpg\",\"datePublished\":\"2023-04-03T11:57:13+00:00\",\"dateModified\":\"2023-04-03T12:31:53+00:00\",\"breadcrumb\":{\"@id\":\"https:\\\/\\\/quartiers1060.brussels\\\/nl\\\/de-helene-de-rudderuin-is-open-2\\\/#breadcrumb\"},\"inLanguage\":\"nl-NL\",\"potentialAction\":[{\"@type\":\"ReadAction\",\"target\":[\"https:\\\/\\\/quartiers1060.brussels\\\/nl\\\/de-helene-de-rudderuin-is-open-2\\\/\"]}]},{\"@type\":\"ImageObject\",\"inLanguage\":\"nl-NL\",\"@id\":\"https:\\\/\\\/quartiers1060.brussels\\\/nl\\\/de-helene-de-rudderuin-is-open-2\\\/#primaryimage\",\"url\":\"https:\\\/\\\/quartiers1060.brussels\\\/wp-content\\\/uploads\\\/2023\\\/04\\\/Inauguration-du-Jardin-Helene-De-Rudder-2.jpg\",\"contentUrl\":\"https:\\\/\\\/quartiers1060.brussels\\\/wp-content\\\/uploads\\\/2023\\\/04\\\/Inauguration-du-Jardin-Helene-De-Rudder-2.jpg\",\"width\":2048,\"height\":1365,\"caption\":\"Jardin H\u00e9l\u00e8ne De Rudder\"},{\"@type\":\"BreadcrumbList\",\"@id\":\"https:\\\/\\\/quartiers1060.brussels\\\/nl\\\/de-helene-de-rudderuin-is-open-2\\\/#breadcrumb\",\"itemListElement\":[{\"@type\":\"ListItem\",\"position\":1,\"name\":\"Accueil\",\"item\":\"https:\\\/\\\/quartiers1060.brussels\\\/\"},{\"@type\":\"ListItem\",\"position\":2,\"name\":\"De H\u00e9l\u00e8ne de Ruddertuin is open!\"}]},{\"@type\":\"WebSite\",\"@id\":\"https:\\\/\\\/quartiers1060.brussels\\\/#website\",\"url\":\"https:\\\/\\\/quartiers1060.brussels\\\/\",\"name\":\"Stedelijke herwaarding\",\"description\":\"- Sint-Gillis\",\"publisher\":{\"@id\":\"https:\\\/\\\/quartiers1060.brussels\\\/#organization\"},\"potentialAction\":[{\"@type\":\"SearchAction\",\"target\":{\"@type\":\"EntryPoint\",\"urlTemplate\":\"https:\\\/\\\/quartiers1060.brussels\\\/?s={search_term_string}\"},\"query-input\":{\"@type\":\"PropertyValueSpecification\",\"valueRequired\":true,\"valueName\":\"search_term_string\"}}],\"inLanguage\":\"nl-NL\"},{\"@type\":\"Organization\",\"@id\":\"https:\\\/\\\/quartiers1060.brussels\\\/#organization\",\"name\":\"Saint-Gilles\",\"url\":\"https:\\\/\\\/quartiers1060.brussels\\\/\",\"logo\":{\"@type\":\"ImageObject\",\"inLanguage\":\"nl-NL\",\"@id\":\"https:\\\/\\\/quartiers1060.brussels\\\/#\\\/schema\\\/logo\\\/image\\\/\",\"url\":\"https:\\\/\\\/quartiers1060.brussels\\\/wp-content\\\/uploads\\\/2021\\\/06\\\/RevitUrbaine_Saint-Gilles.svg\",\"contentUrl\":\"https:\\\/\\\/quartiers1060.brussels\\\/wp-content\\\/uploads\\\/2021\\\/06\\\/RevitUrbaine_Saint-Gilles.svg\",\"width\":243.17,\"height\":68.96,\"caption\":\"Saint-Gilles\"},\"image\":{\"@id\":\"https:\\\/\\\/quartiers1060.brussels\\\/#\\\/schema\\\/logo\\\/image\\\/\"}},{\"@type\":\"Person\",\"@id\":\"https:\\\/\\\/quartiers1060.brussels\\\/#\\\/schema\\\/person\\\/eba0fa952ebfcfe8c6c6e64ab84cc35c\",\"name\":\"Amandine\"}]}<\/script>\n<!-- \/ Yoast SEO plugin. -->","yoast_head_json":{"title":"De H\u00e9l\u00e8ne de Ruddertuin is open! - Stedelijke herwaarding","robots":{"index":"index","follow":"follow","max-snippet":"max-snippet:-1","max-image-preview":"max-image-preview:large","max-video-preview":"max-video-preview:-1"},"canonical":"https:\/\/quartiers1060.brussels\/nl\/de-helene-de-rudderuin-is-open-2\/","og_locale":"nl_NL","og_type":"article","og_title":"De H\u00e9l\u00e8ne de Ruddertuin is open! - Stedelijke herwaarding","og_description":"Op zaterdag 1e april werd de nieuwe H\u00e9l\u00e8ne De Ruddertuin ingehuldigd. Een terugblik in foto's.","og_url":"https:\/\/quartiers1060.brussels\/nl\/de-helene-de-rudderuin-is-open-2\/","og_site_name":"Stedelijke herwaarding","article_published_time":"2023-04-03T11:57:13+00:00","article_modified_time":"2023-04-03T12:31:53+00:00","og_image":[{"width":2048,"height":1365,"url":"http:\/\/quartiers1060.brussels\/wp-content\/uploads\/2023\/04\/Inauguration-du-Jardin-Helene-De-Rudder-2.jpg","type":"image\/jpeg"}],"author":"Amandine","twitter_card":"summary_large_image","twitter_misc":{"Geschreven door":"Amandine","Geschatte leestijd":"5 minuten"},"schema":{"@context":"https:\/\/schema.org","@graph":[{"@type":"Article","@id":"https:\/\/quartiers1060.brussels\/nl\/de-helene-de-rudderuin-is-open-2\/#article","isPartOf":{"@id":"https:\/\/quartiers1060.brussels\/nl\/de-helene-de-rudderuin-is-open-2\/"},"author":{"name":"Amandine","@id":"https:\/\/quartiers1060.brussels\/#\/schema\/person\/eba0fa952ebfcfe8c6c6e64ab84cc35c"},"headline":"De H\u00e9l\u00e8ne de Ruddertuin is open!","datePublished":"2023-04-03T11:57:13+00:00","dateModified":"2023-04-03T12:31:53+00:00","mainEntityOfPage":{"@id":"https:\/\/quartiers1060.brussels\/nl\/de-helene-de-rudderuin-is-open-2\/"},"wordCount":154,"publisher":{"@id":"https:\/\/quartiers1060.brussels\/#organization"},"image":{"@id":"https:\/\/quartiers1060.brussels\/nl\/de-helene-de-rudderuin-is-open-2\/#primaryimage"},"thumbnailUrl":"https:\/\/quartiers1060.brussels\/wp-content\/uploads\/2023\/04\/Inauguration-du-Jardin-Helene-De-Rudder-2.jpg","articleSection":["DWC - Nieuws","Openbare ruimte","Participatie"],"inLanguage":"nl-NL"},{"@type":"WebPage","@id":"https:\/\/quartiers1060.brussels\/nl\/de-helene-de-rudderuin-is-open-2\/","url":"https:\/\/quartiers1060.brussels\/nl\/de-helene-de-rudderuin-is-open-2\/","name":"De H\u00e9l\u00e8ne de Ruddertuin is open! - Stedelijke herwaarding","isPartOf":{"@id":"https:\/\/quartiers1060.brussels\/#website"},"primaryImageOfPage":{"@id":"https:\/\/quartiers1060.brussels\/nl\/de-helene-de-rudderuin-is-open-2\/#primaryimage"},"image":{"@id":"https:\/\/quartiers1060.brussels\/nl\/de-helene-de-rudderuin-is-open-2\/#primaryimage"},"thumbnailUrl":"https:\/\/quartiers1060.brussels\/wp-content\/uploads\/2023\/04\/Inauguration-du-Jardin-Helene-De-Rudder-2.jpg","datePublished":"2023-04-03T11:57:13+00:00","dateModified":"2023-04-03T12:31:53+00:00","breadcrumb":{"@id":"https:\/\/quartiers1060.brussels\/nl\/de-helene-de-rudderuin-is-open-2\/#breadcrumb"},"inLanguage":"nl-NL","potentialAction":[{"@type":"ReadAction","target":["https:\/\/quartiers1060.brussels\/nl\/de-helene-de-rudderuin-is-open-2\/"]}]},{"@type":"ImageObject","inLanguage":"nl-NL","@id":"https:\/\/quartiers1060.brussels\/nl\/de-helene-de-rudderuin-is-open-2\/#primaryimage","url":"https:\/\/quartiers1060.brussels\/wp-content\/uploads\/2023\/04\/Inauguration-du-Jardin-Helene-De-Rudder-2.jpg","contentUrl":"https:\/\/quartiers1060.brussels\/wp-content\/uploads\/2023\/04\/Inauguration-du-Jardin-Helene-De-Rudder-2.jpg","width":2048,"height":1365,"caption":"Jardin H\u00e9l\u00e8ne De Rudder"},{"@type":"BreadcrumbList","@id":"https:\/\/quartiers1060.brussels\/nl\/de-helene-de-rudderuin-is-open-2\/#breadcrumb","itemListElement":[{"@type":"ListItem","position":1,"name":"Accueil","item":"https:\/\/quartiers1060.brussels\/"},{"@type":"ListItem","position":2,"name":"De H\u00e9l\u00e8ne de Ruddertuin is open!"}]},{"@type":"WebSite","@id":"https:\/\/quartiers1060.brussels\/#website","url":"https:\/\/quartiers1060.brussels\/","name":"Stedelijke herwaarding","description":"- Sint-Gillis","publisher":{"@id":"https:\/\/quartiers1060.brussels\/#organization"},"potentialAction":[{"@type":"SearchAction","target":{"@type":"EntryPoint","urlTemplate":"https:\/\/quartiers1060.brussels\/?s={search_term_string}"},"query-input":{"@type":"PropertyValueSpecification","valueRequired":true,"valueName":"search_term_string"}}],"inLanguage":"nl-NL"},{"@type":"Organization","@id":"https:\/\/quartiers1060.brussels\/#organization","name":"Saint-Gilles","url":"https:\/\/quartiers1060.brussels\/","logo":{"@type":"ImageObject","inLanguage":"nl-NL","@id":"https:\/\/quartiers1060.brussels\/#\/schema\/logo\/image\/","url":"https:\/\/quartiers1060.brussels\/wp-content\/uploads\/2021\/06\/RevitUrbaine_Saint-Gilles.svg","contentUrl":"https:\/\/quartiers1060.brussels\/wp-content\/uploads\/2021\/06\/RevitUrbaine_Saint-Gilles.svg","width":243.17,"height":68.96,"caption":"Saint-Gilles"},"image":{"@id":"https:\/\/quartiers1060.brussels\/#\/schema\/logo\/image\/"}},{"@type":"Person","@id":"https:\/\/quartiers1060.brussels\/#\/schema\/person\/eba0fa952ebfcfe8c6c6e64ab84cc35c","name":"Amandine"}]}},"_links":{"self":[{"href":"https:\/\/quartiers1060.brussels\/nl\/wp-json\/wp\/v2\/posts\/9819","targetHints":{"allow":["GET"]}}],"collection":[{"href":"https:\/\/quartiers1060.brussels\/nl\/wp-json\/wp\/v2\/posts"}],"about":[{"href":"https:\/\/quartiers1060.brussels\/nl\/wp-json\/wp\/v2\/types\/post"}],"author":[{"embeddable":true,"href":"https:\/\/quartiers1060.brussels\/nl\/wp-json\/wp\/v2\/users\/2"}],"replies":[{"embeddable":true,"href":"https:\/\/quartiers1060.brussels\/nl\/wp-json\/wp\/v2\/comments?post=9819"}],"version-history":[{"count":15,"href":"https:\/\/quartiers1060.brussels\/nl\/wp-json\/wp\/v2\/posts\/9819\/revisions"}],"predecessor-version":[{"id":9836,"href":"https:\/\/quartiers1060.brussels\/nl\/wp-json\/wp\/v2\/posts\/9819\/revisions\/9836"}],"wp:featuredmedia":[{"embeddable":true,"href":"https:\/\/quartiers1060.brussels\/nl\/wp-json\/wp\/v2\/media\/9708"}],"wp:attachment":[{"href":"https:\/\/quartiers1060.brussels\/nl\/wp-json\/wp\/v2\/media?parent=9819"}],"wp:term":[{"taxonomy":"category","embeddable":true,"href":"https:\/\/quartiers1060.brussels\/nl\/wp-json\/wp\/v2\/categories?post=9819"},{"taxonomy":"post_tag","embeddable":true,"href":"https:\/\/quartiers1060.brussels\/nl\/wp-json\/wp\/v2\/tags?post=9819"}],"curies":[{"name":"wp","href":"https:\/\/api.w.org\/{rel}","templated":true}]}}